{"id":4003,"date":"2020-06-25T09:49:57","date_gmt":"2020-06-25T09:49:57","guid":{"rendered":"http:\/\/enteculturalsantafesino.com.ar\/usina5\/?p=4003"},"modified":"2020-06-25T09:53:18","modified_gmt":"2020-06-25T09:53:18","slug":"llega-el-radioteatro-vivi-una-nueva-historia","status":"publish","type":"post","link":"http:\/\/enteculturalsantafesino.com.ar\/usina5\/2020\/06\/llega-el-radioteatro-vivi-una-nueva-historia\/","title":{"rendered":"Llega el RadioTeatro!         \u00abViv\u00ed una nueva historia\u00bb"},"content":{"rendered":"\n<p><em><strong>De lunes a viernes a las 20hs en las redes del Ente Cultura Santafesino<\/strong><\/em><\/p>\n\n\n\n<p>Este\u00a0<strong>lunes 29\u00a0<\/strong>desde las<strong>\u00a020hs<\/strong>\u00a0de la trilog\u00eda de cuentos de\u00a0<strong>Estela Maris Romero, <\/strong>adaptados para radioteatro por la autora se presentar\u00e1 la segunda parte <strong>\u00abUn secreto muy bien guardado\u00bb<\/strong><\/p>\n\n\n\n<p>En el marco del programa\u00a0<strong>#EnteNosotros\u00a0<\/strong>el cual se desarrolla dentro del contexto de aislamiento preventivo y obligatorio por el Covid-19; el<strong>\u00a0Ente Cultural Santafesino<\/strong>\u00a0pone en marcha una nueva propuesta cultural.<\/p>\n\n\n\n<p>El radioteatro, tradicional g\u00e9nero casi olvidado hoy en d\u00eda, vuelve a decir presente desde las redes del\u00a0<strong>Ente Cultural Santafesino<\/strong>.<\/p>\n\n\n\n<p><strong>Franco Pietrani<\/strong>,\u00a0<strong>Presidente del Ente Cultural Santafesino\u00a0<\/strong>quien manifiesto que en este momento es seguir llevando las producciones realizadas por los grupos de teatros que se encuentran en cada rinc\u00f3n de nuestra Santa Fe\u00bb<\/p>\n\n\n\n<p>\u00ab<em>A trav\u00e9s de nuestra madrina<strong>\u00a0Claudia Giaccone<\/strong>\u00a0y su aporte<\/em>\u00a0<em>seguimos apostando a este programa que origin\u00f3 una excelente respuesta.<\/em><\/p>\n\n\n\n<p><em> A trav\u00e9s del\u00a0<strong>Grupo de Teatro \u00abTiempo\u00bb<\/strong>\u00a0de\u00a0<strong>Moises Ville<\/strong>; se sigue generando estas iniciativas culturales que nos hacen jugar con la imaginaci\u00f3n. Ellos son: Alba Sorcinelli, Mario Rotemberg, Fabi\u00e1n de la Vi\u00f1a, Mirta Celis, Ernesto Aguirre, Carolina Bernstein, Liliana Piri, M\u00e1ximo Trumper, Camila Dascani y Nora Cecotti.<\/em><\/p>\n\n\n\n<p><\/p>\n","protected":false},"excerpt":{"rendered":"<p>De lunes a viernes a las 20hs en las redes del Ente Cultura Santafesino Este\u00a0lunes 29\u00a0desde las\u00a020hs\u00a0de [&hellip;]<\/p>\n","protected":false},"author":3,"featured_media":4004,"comment_status":"open","ping_status":"open","sticky":false,"template":"","format":"standard","meta":{"_jetpack_memberships_contains_paid_content":false,"footnotes":"","jetpack_publicize_message":"","jetpack_publicize_feature_enabled":true,"jetpack_social_post_already_shared":true,"jetpack_social_options":{"image_generator_settings":{"template":"highway","enabled":false}}},"categories":[6],"tags":[],"jetpack_publicize_connections":[],"jetpack_featured_media_url":"http:\/\/enteculturalsantafesino.com.ar\/usina5\/wp-content\/uploads\/2020\/06\/993f559c-8176-4959-9eca-d8c3df5dc3cd.jpg","jetpack_sharing_enabled":true,"_links":{"self":[{"href":"http:\/\/enteculturalsantafesino.com.ar\/usina5\/wp-json\/wp\/v2\/posts\/4003"}],"collection":[{"href":"http:\/\/enteculturalsantafesino.com.ar\/usina5\/wp-json\/wp\/v2\/posts"}],"about":[{"href":"http:\/\/enteculturalsantafesino.com.ar\/usina5\/wp-json\/wp\/v2\/types\/post"}],"author":[{"embeddable":true,"href":"http:\/\/enteculturalsantafesino.com.ar\/usina5\/wp-json\/wp\/v2\/users\/3"}],"replies":[{"embeddable":true,"href":"http:\/\/enteculturalsantafesino.com.ar\/usina5\/wp-json\/wp\/v2\/comments?post=4003"}],"version-history":[{"count":2,"href":"http:\/\/enteculturalsantafesino.com.ar\/usina5\/wp-json\/wp\/v2\/posts\/4003\/revisions"}],"predecessor-version":[{"id":4006,"href":"http:\/\/enteculturalsantafesino.com.ar\/usina5\/wp-json\/wp\/v2\/posts\/4003\/revisions\/4006"}],"wp:featuredmedia":[{"embeddable":true,"href":"http:\/\/enteculturalsantafesino.com.ar\/usina5\/wp-json\/wp\/v2\/media\/4004"}],"wp:attachment":[{"href":"http:\/\/enteculturalsantafesino.com.ar\/usina5\/wp-json\/wp\/v2\/media?parent=4003"}],"wp:term":[{"taxonomy":"category","embeddable":true,"href":"http:\/\/enteculturalsantafesino.com.ar\/usina5\/wp-json\/wp\/v2\/categories?post=4003"},{"taxonomy":"post_tag","embeddable":true,"href":"http:\/\/enteculturalsantafesino.com.ar\/usina5\/wp-json\/wp\/v2\/tags?post=4003"}],"curies":[{"name":"wp","href":"https:\/\/api.w.org\/{rel}","templated":true}]}}