{"id":4007,"date":"2020-06-27T14:57:48","date_gmt":"2020-06-27T14:57:48","guid":{"rendered":"http:\/\/enteculturalsantafesino.com.ar\/usina5\/?p=4007"},"modified":"2020-06-27T14:57:51","modified_gmt":"2020-06-27T14:57:51","slug":"ambito-c-paso-otra-semana-cultural","status":"publish","type":"post","link":"http:\/\/enteculturalsantafesino.com.ar\/usina5\/2020\/06\/ambito-c-paso-otra-semana-cultural\/","title":{"rendered":"\u00ab\u00c1mbito C\u00bb pas\u00f3 otra semana cultural"},"content":{"rendered":"\n<p>En el marco del programa #EnteNosotros el cual se desarrolla dentro del contexto de aislamiento preventivo y obligatorio por el Covid-19; el programa&nbsp;<strong>\u00ab\u00c1mbito C\u00bb<\/strong>&nbsp;sigue sumando a distintas voces de nuestra cultura.<\/p>\n\n\n\n<p>Dicha propuesta en formato virtual a trav\u00e9s de instagram, permite la uni\u00f3n, la difusi\u00f3n y el fortalecimiento del trabajo cultural de los pueblos y ciudades del&nbsp;<strong>Ente Cultural Santafesino<\/strong>.<\/p>\n\n\n\n<p>De lunes a viernes desde 18hs con la impecable conducci\u00f3n y profesionalismo de&nbsp;<strong>Gabriel Ruiz<\/strong>&nbsp;(San Crist\u00f3bal) representantes y referentes culturales de la provincia de Santa Fe y C\u00f3rdoba comparten sus vivencias, gestiones, actividades y proyectos desde sus hogares.<\/p>\n\n\n\n<p>Durante la \u00faltima semana pasaron por los micr\u00f3fonos de\u00a0<strong>\u00ab\u00c1mbito C\u00bb<\/strong>:<em>\u00a0Claudio Weppler (Humboldt), Ana Maria Rossi y Fernando (Nuevo Torino), Vanina Sager (Malabrigo) y Yamila Cafrune <\/em><\/p>\n\n\n\n<p><strong>\u00ab\u00c1mbito C\u201d&nbsp;<\/strong>es una herramienta que permite al Ente Cultural Santafesino mantener y fortalecer la re originada desde junio de 2008; contando con los protagonistas en primera persona desde las distintas localidades que conforman el mapa cultural santafesino.<\/p>\n\n\n\n<p><strong><em>Un poco de historia\u2026<\/em><\/strong><\/p>\n\n\n\n<p>Desde el a\u00f1o 2008 \u201c\u00c1mbito C\u201d se fue extendiendo y enriqueciendo a lo largo del tiempo y del territorio santafesino, con distintos conductores en diversas emisoras provinciales: Mariano Villarruel y Luciana Mariani (FM Renacer-Las Rosas), Gustavo Bertorello y Fernando Banegas (FM Contacto-Las Parejas), Cheli Monti y el Grupo \u201cMilitando Cultura\u201d ( FM First 102.5 -Ceres) , Claudio Pellegrini (FM L\u00edder 87.9 Villa Elo\u00edsa) y Mario Gaset (Bouquet)<\/p>\n","protected":false},"excerpt":{"rendered":"<p>En el marco del programa #EnteNosotros el cual se desarrolla dentro del contexto de aislamiento preventivo y [&hellip;]<\/p>\n","protected":false},"author":3,"featured_media":4008,"comment_status":"open","ping_status":"open","sticky":false,"template":"","format":"standard","meta":{"_jetpack_memberships_contains_paid_content":false,"footnotes":"","jetpack_publicize_message":"","jetpack_publicize_feature_enabled":true,"jetpack_social_post_already_shared":true,"jetpack_social_options":{"image_generator_settings":{"template":"highway","enabled":false}}},"categories":[6],"tags":[],"jetpack_publicize_connections":[],"jetpack_featured_media_url":"http:\/\/enteculturalsantafesino.com.ar\/usina5\/wp-content\/uploads\/2020\/06\/bd48a552-9bc3-4c6f-af13-59d8b10626c0.jpg","jetpack_sharing_enabled":true,"_links":{"self":[{"href":"http:\/\/enteculturalsantafesino.com.ar\/usina5\/wp-json\/wp\/v2\/posts\/4007"}],"collection":[{"href":"http:\/\/enteculturalsantafesino.com.ar\/usina5\/wp-json\/wp\/v2\/posts"}],"about":[{"href":"http:\/\/enteculturalsantafesino.com.ar\/usina5\/wp-json\/wp\/v2\/types\/post"}],"author":[{"embeddable":true,"href":"http:\/\/enteculturalsantafesino.com.ar\/usina5\/wp-json\/wp\/v2\/users\/3"}],"replies":[{"embeddable":true,"href":"http:\/\/enteculturalsantafesino.com.ar\/usina5\/wp-json\/wp\/v2\/comments?post=4007"}],"version-history":[{"count":1,"href":"http:\/\/enteculturalsantafesino.com.ar\/usina5\/wp-json\/wp\/v2\/posts\/4007\/revisions"}],"predecessor-version":[{"id":4009,"href":"http:\/\/enteculturalsantafesino.com.ar\/usina5\/wp-json\/wp\/v2\/posts\/4007\/revisions\/4009"}],"wp:featuredmedia":[{"embeddable":true,"href":"http:\/\/enteculturalsantafesino.com.ar\/usina5\/wp-json\/wp\/v2\/media\/4008"}],"wp:attachment":[{"href":"http:\/\/enteculturalsantafesino.com.ar\/usina5\/wp-json\/wp\/v2\/media?parent=4007"}],"wp:term":[{"taxonomy":"category","embeddable":true,"href":"http:\/\/enteculturalsantafesino.com.ar\/usina5\/wp-json\/wp\/v2\/categories?post=4007"},{"taxonomy":"post_tag","embeddable":true,"href":"http:\/\/enteculturalsantafesino.com.ar\/usina5\/wp-json\/wp\/v2\/tags?post=4007"}],"curies":[{"name":"wp","href":"https:\/\/api.w.org\/{rel}","templated":true}]}}