{"id":4022,"date":"2020-07-05T13:44:17","date_gmt":"2020-07-05T13:44:17","guid":{"rendered":"http:\/\/enteculturalsantafesino.com.ar\/usina5\/?p=4022"},"modified":"2020-07-05T13:44:21","modified_gmt":"2020-07-05T13:44:21","slug":"la-biblioteca-miguel-a-sosa-de-arrufo-lanza-un-concurso-fotografico","status":"publish","type":"post","link":"http:\/\/enteculturalsantafesino.com.ar\/usina5\/2020\/07\/la-biblioteca-miguel-a-sosa-de-arrufo-lanza-un-concurso-fotografico\/","title":{"rendered":"La Biblioteca Miguel A. Sosa de Arruf\u00f3 lanza un concurso fotogr\u00e1fico"},"content":{"rendered":"\n<p>EJE TEM\u00c1TICO: \u00bb Tiempo de lecturas\u201d<\/p>\n\n\n\n<p>\u00bfQUI\u00c9NES PUEDEN PARTICIPAR? Toda persona mayor de 12 a\u00f1os.<\/p>\n\n\n\n<p>-\u00bfTIENE UN COSTO? Para participar del concurso ninguno.<\/p>\n\n\n\n<p>-\u00bfCU\u00c1NTAS OBRAS PUEDO PRESENTAR? Hasta dos obras por participante.-Las obras participar\u00e1n en dos categor\u00edas diferenciadas: <\/p>\n\n\n\n<p>Fotograf\u00edas tomadas con c\u00e1maras de tel\u00e9fonos celulares donde la resoluci\u00f3n al momento de imprimirla pierda claridad y fotograf\u00edas tomadas con c\u00e1maras fotogr\u00e1ficas que ser\u00e1n presentadas impreso<\/p>\n\n\n\n<p>Para las fotograf\u00edas tomadas con C\u00c1MARAS FOTOGR\u00c1FICAS: Deber\u00e1n presentarse en formato impreso y tener t\u00edtulo. Se establece como medida \u00fanica de presentaci\u00f3n 15&#215;20 cm, montadas sobre un cart\u00f3n de 20&#215;30 cm. Deber\u00e1n contener el nombre, apellido y n\u00famero de documento del autor al dorso.Las obras podr\u00e1n ser presentadas en blanco y negro, o color, no admiti\u00e9ndose fotograf\u00edas coloreadas a mano ni fotomontajes.<\/p>\n\n\n\n<p>Quedar\u00e1n fuera de concurso las fotograf\u00edas que lleguen deterioradas o rotas.<\/p>\n\n\n\n<p>El jurado estar\u00e1 constituido por profesionales del arte.<\/p>\n\n\n\n<p>Se establecer\u00e1n primer, segundo y tercer premio. Se tendr\u00e1 en cuenta el nivel expresivo y t\u00e9cnico, el tema y modo de expresarlo, la creatividad, la composici\u00f3n t\u00e9cnica de la toma y la presentaci\u00f3n. Fecha l\u00edmite de entrega: viernes 14 de agosto de 2020. Se realizar\u00e1 un taller de fotograf\u00eda gratuito a cargo de la fot\u00f3grafa local, Luc\u00eda Femenias, para dar consejos, tips y sugerencias para presentar la foto. Ya estaremos informando d\u00eda y hora y metodolog\u00eda del mismo (virtual o presencial).<\/p>\n","protected":false},"excerpt":{"rendered":"<p>EJE TEM\u00c1TICO: \u00bb Tiempo de lecturas\u201d \u00bfQUI\u00c9NES PUEDEN PARTICIPAR? Toda persona mayor de 12 a\u00f1os. -\u00bfTIENE UN [&hellip;]<\/p>\n","protected":false},"author":3,"featured_media":4023,"comment_status":"open","ping_status":"open","sticky":false,"template":"","format":"standard","meta":{"_jetpack_memberships_contains_paid_content":false,"footnotes":"","jetpack_publicize_message":"","jetpack_publicize_feature_enabled":true,"jetpack_social_post_already_shared":true,"jetpack_social_options":{"image_generator_settings":{"template":"highway","enabled":false}}},"categories":[4],"tags":[],"jetpack_publicize_connections":[],"jetpack_featured_media_url":"http:\/\/enteculturalsantafesino.com.ar\/usina5\/wp-content\/uploads\/2020\/07\/106707107_3252574991468384_8728392638617757117_o-1.jpg","jetpack_sharing_enabled":true,"_links":{"self":[{"href":"http:\/\/enteculturalsantafesino.com.ar\/usina5\/wp-json\/wp\/v2\/posts\/4022"}],"collection":[{"href":"http:\/\/enteculturalsantafesino.com.ar\/usina5\/wp-json\/wp\/v2\/posts"}],"about":[{"href":"http:\/\/enteculturalsantafesino.com.ar\/usina5\/wp-json\/wp\/v2\/types\/post"}],"author":[{"embeddable":true,"href":"http:\/\/enteculturalsantafesino.com.ar\/usina5\/wp-json\/wp\/v2\/users\/3"}],"replies":[{"embeddable":true,"href":"http:\/\/enteculturalsantafesino.com.ar\/usina5\/wp-json\/wp\/v2\/comments?post=4022"}],"version-history":[{"count":1,"href":"http:\/\/enteculturalsantafesino.com.ar\/usina5\/wp-json\/wp\/v2\/posts\/4022\/revisions"}],"predecessor-version":[{"id":4024,"href":"http:\/\/enteculturalsantafesino.com.ar\/usina5\/wp-json\/wp\/v2\/posts\/4022\/revisions\/4024"}],"wp:featuredmedia":[{"embeddable":true,"href":"http:\/\/enteculturalsantafesino.com.ar\/usina5\/wp-json\/wp\/v2\/media\/4023"}],"wp:attachment":[{"href":"http:\/\/enteculturalsantafesino.com.ar\/usina5\/wp-json\/wp\/v2\/media?parent=4022"}],"wp:term":[{"taxonomy":"category","embeddable":true,"href":"http:\/\/enteculturalsantafesino.com.ar\/usina5\/wp-json\/wp\/v2\/categories?post=4022"},{"taxonomy":"post_tag","embeddable":true,"href":"http:\/\/enteculturalsantafesino.com.ar\/usina5\/wp-json\/wp\/v2\/tags?post=4022"}],"curies":[{"name":"wp","href":"https:\/\/api.w.org\/{rel}","templated":true}]}}