{"id":4071,"date":"2020-10-07T06:34:44","date_gmt":"2020-10-07T06:34:44","guid":{"rendered":"http:\/\/enteculturalsantafesino.com.ar\/usina5\/?p=4071"},"modified":"2020-10-07T06:34:48","modified_gmt":"2020-10-07T06:34:48","slug":"jovenes-santafesinos-inician-el-ciclo-virtual-clave-de-cuento","status":"publish","type":"post","link":"http:\/\/enteculturalsantafesino.com.ar\/usina5\/2020\/10\/jovenes-santafesinos-inician-el-ciclo-virtual-clave-de-cuento\/","title":{"rendered":"J\u00f3venes santafesinos inician el ciclo virtual \u00abClave de Cuento\u00bb"},"content":{"rendered":"\n<p><em>Mirella Rivero (Centeno), Francisco Dominio (Bella Italia), Julieta Machuca (Godeken), F\u00e1tima Crespo (Recreo), Valentino Zamora (Ambrosetti), Pilar Ojeda (Tostado) y Abigail Vogel (Malabrigo)<\/em> ser\u00e1n los primeros j\u00f3venes lectores que llegar\u00e1n desde sus comunidades expres\u00e1ndose a trav\u00e9s de sus obras literarias, publicadas en el libro <strong>\u00abClave de Cuento\u00bb<\/strong><\/p>\n\n\n\n<p>A partir del&nbsp;<strong>viernes 9<\/strong>&nbsp;desde las&nbsp;<strong>19hs<\/strong>&nbsp;siete j\u00f3venes de las distintas&nbsp;<strong>\u00abUsinas Culturales\u00bb&nbsp;<\/strong>leer\u00e1n sus obras literarias mediante plataforma virtual con la finalidad de originar un espacio de encuentro mediante la literatura, repasando las obras publicadas en las distintas ediciones del programa&nbsp;<strong>\u00abClave de Cuento\u00bb.<\/strong><\/p>\n\n\n\n<p><strong>\u00abClave de Cuento\u00bb<\/strong>&nbsp;es un programa gestado por el&nbsp;<strong>Ente Cultural Santafesino<\/strong>&nbsp;y auspiciado por&nbsp;<strong>Claudia Giaccone<\/strong>&nbsp;desde el a\u00f1o 2013 en donde ni\u00f1os y j\u00f3venes santafesinos se fueron sumando en ocho ediciones literarias distribuidas a lo largo y ancho de la provincia.<\/p>\n\n\n\n<p><em>\u00abEsta propuesta nos permitir\u00e1 reencontrarnos con much\u00edsimos j\u00f3venes que desde distintos rincones santafesinos se siguen sumando y apostando a dicha propuesta que va creciendo a\u00f1o tras a\u00f1o\u00bb&nbsp;<\/em>manifest\u00f3&nbsp;<strong>Franco Pietrani -Presidente del Ente Cultural Santafesino<\/strong><\/p>\n\n\n\n<p><em>\u00abHoy nos encontramos en un momento muy especial y consideramos que desde las diversas propuestas llevadas adelante desde nuestro Ente Cultural fue posible generar esta nueva forma de accionar cultura\u00bb.<\/em><\/p>\n\n\n\n<p><em>\u00abTodos los viernes desde las 19hs, siete j\u00f3venes de distintos puntos santafesinos, representando a las Usinas Culturales; se expresar\u00e1n, vincularan y generaran nuevos v\u00ednculos expresados desde la literatura\u00bb&nbsp;<\/em>finaliz\u00f3 Pietrani.<\/p>\n\n\n\n<p><strong>Para sumarse al Encuentro Virtual \u00abClave de Cuento\u00bb:&nbsp;<\/strong>https:\/\/meet.google.com\/uay-zmoe-ntx<\/p>\n","protected":false},"excerpt":{"rendered":"<p>Mirella Rivero (Centeno), Francisco Dominio (Bella Italia), Julieta Machuca (Godeken), F\u00e1tima Crespo (Recreo), Valentino Zamora (Ambrosetti), Pilar [&hellip;]<\/p>\n","protected":false},"author":3,"featured_media":4075,"comment_status":"open","ping_status":"open","sticky":false,"template":"","format":"standard","meta":{"_jetpack_memberships_contains_paid_content":false,"footnotes":"","jetpack_publicize_message":"","jetpack_publicize_feature_enabled":true,"jetpack_social_post_already_shared":true,"jetpack_social_options":{"image_generator_settings":{"template":"highway","enabled":false}}},"categories":[6],"tags":[],"jetpack_publicize_connections":[],"jetpack_featured_media_url":"http:\/\/enteculturalsantafesino.com.ar\/usina5\/wp-content\/uploads\/2020\/10\/af904a11-8f06-4d1d-9654-493dbe670571.jpg","jetpack_sharing_enabled":true,"_links":{"self":[{"href":"http:\/\/enteculturalsantafesino.com.ar\/usina5\/wp-json\/wp\/v2\/posts\/4071"}],"collection":[{"href":"http:\/\/enteculturalsantafesino.com.ar\/usina5\/wp-json\/wp\/v2\/posts"}],"about":[{"href":"http:\/\/enteculturalsantafesino.com.ar\/usina5\/wp-json\/wp\/v2\/types\/post"}],"author":[{"embeddable":true,"href":"http:\/\/enteculturalsantafesino.com.ar\/usina5\/wp-json\/wp\/v2\/users\/3"}],"replies":[{"embeddable":true,"href":"http:\/\/enteculturalsantafesino.com.ar\/usina5\/wp-json\/wp\/v2\/comments?post=4071"}],"version-history":[{"count":3,"href":"http:\/\/enteculturalsantafesino.com.ar\/usina5\/wp-json\/wp\/v2\/posts\/4071\/revisions"}],"predecessor-version":[{"id":4076,"href":"http:\/\/enteculturalsantafesino.com.ar\/usina5\/wp-json\/wp\/v2\/posts\/4071\/revisions\/4076"}],"wp:featuredmedia":[{"embeddable":true,"href":"http:\/\/enteculturalsantafesino.com.ar\/usina5\/wp-json\/wp\/v2\/media\/4075"}],"wp:attachment":[{"href":"http:\/\/enteculturalsantafesino.com.ar\/usina5\/wp-json\/wp\/v2\/media?parent=4071"}],"wp:term":[{"taxonomy":"category","embeddable":true,"href":"http:\/\/enteculturalsantafesino.com.ar\/usina5\/wp-json\/wp\/v2\/categories?post=4071"},{"taxonomy":"post_tag","embeddable":true,"href":"http:\/\/enteculturalsantafesino.com.ar\/usina5\/wp-json\/wp\/v2\/tags?post=4071"}],"curies":[{"name":"wp","href":"https:\/\/api.w.org\/{rel}","templated":true}]}}