{"id":4078,"date":"2020-10-28T15:59:18","date_gmt":"2020-10-28T15:59:18","guid":{"rendered":"http:\/\/enteculturalsantafesino.com.ar\/usina5\/?p=4078"},"modified":"2020-10-28T16:31:55","modified_gmt":"2020-10-28T16:31:55","slug":"este-viernes-llega-el-cuarto-encuentro-virtual-de-clave-de-cuento","status":"publish","type":"post","link":"http:\/\/enteculturalsantafesino.com.ar\/usina5\/2020\/10\/este-viernes-llega-el-cuarto-encuentro-virtual-de-clave-de-cuento\/","title":{"rendered":"Este viernes llega el cuarto encuentro virtual de \u00abClave de Cuento\u00bb"},"content":{"rendered":"\n<p>Este&nbsp;<strong>viernes 30<\/strong>&nbsp;desde las&nbsp;<strong>19hs<\/strong>&nbsp;siete nuevos j\u00f3venes lectores desde sus &nbsp;<strong>\u00abUsinas Culturales\u00bb&nbsp;<\/strong>leer\u00e1n sus obras literarias mediante plataforma virtual con la finalidad de seguir originando y fortaleciendo un espacio de encuentro mediante la lectura, repasando las obras publicadas en las distintas ediciones del programa&nbsp;<strong>\u00abClave de Cuento\u00bb.<\/strong><\/p>\n\n\n\n<p><strong>\u00abClave de Cuento\u00bb<\/strong>&nbsp;es un programa gestado por el&nbsp;<strong>Ente Cultural Santafesino<\/strong>&nbsp;y auspiciado por&nbsp;<strong>Claudia Giaccone<\/strong>&nbsp;desde el a\u00f1o 2013 en donde ni\u00f1os y j\u00f3venes santafesinos se fueron sumando en ocho ediciones literarias distribuidas a lo largo y ancho de la provincia.<\/p>\n\n\n\n<p><em>\u00abEsta propuesta nos permitir\u00e1 reencontrarnos con much\u00edsimos j\u00f3venes que desde distintos rincones santafesinos se siguen sumando y apostando a dicha propuesta que va creciendo a\u00f1o tras a\u00f1o\u00bb&nbsp;<\/em>manifest\u00f3&nbsp;<strong>Franco Pietrani -Presidente del Ente Cultural Santafesino<\/strong><\/p>\n\n\n\n<p><em>\u00abHoy nos encontramos en un momento muy especial y consideramos que desde las diversas propuestas llevadas adelante desde nuestro Ente Cultural fue posible generar esta nueva forma de accionar cultura\u00bb.<\/em><\/p>\n\n\n\n<p><em>\u00abTodos los viernes desde las 19hs, siete j\u00f3venes de distintos puntos santafesinos, representando a las Usinas Culturales; se expresar\u00e1n, vincularan y generaran nuevos v\u00ednculos expresados desde la literatura\u00bb&nbsp;<\/em>finaliz\u00f3 Pietrani.<\/p>\n\n\n\n<p>Este nuevo encuentro  contar\u00e1 con la presencia de representantes de las comunidades de: <strong>Centeno, Esperanza, Ca\u00f1ada del Ucle, Arroyo Leyes, Ambrosetti, Villa Minetti y Las Toscas<\/strong><\/p>\n\n\n\n<p><strong>Para sumarse al Encuentro Virtual \u00abClave de Cuento\u00bb<\/strong> desde Google&nbsp;Meet, haz clic en este v\u00ednculo:<br>https:\/\/meet.google.com\/xcn-dqom-msz<\/p>\n\n\n\n<p><strong>O abre Meet y escribe este c\u00f3digo:<\/strong> xcn-dqom-msz<\/p>\n\n\n\n<p><\/p>\n","protected":false},"excerpt":{"rendered":"<p>Este&nbsp;viernes 30&nbsp;desde las&nbsp;19hs&nbsp;siete nuevos j\u00f3venes lectores desde sus &nbsp;\u00abUsinas Culturales\u00bb&nbsp;leer\u00e1n sus obras literarias mediante plataforma virtual con [&hellip;]<\/p>\n","protected":false},"author":3,"featured_media":4079,"comment_status":"open","ping_status":"open","sticky":false,"template":"","format":"standard","meta":{"_jetpack_memberships_contains_paid_content":false,"footnotes":"","jetpack_publicize_message":"","jetpack_publicize_feature_enabled":true,"jetpack_social_post_already_shared":true,"jetpack_social_options":{"image_generator_settings":{"template":"highway","enabled":false}}},"categories":[6],"tags":[],"jetpack_publicize_connections":[],"jetpack_featured_media_url":"http:\/\/enteculturalsantafesino.com.ar\/usina5\/wp-content\/uploads\/2020\/10\/48a0a84c-3dfb-48c5-bd4b-05c47a61c28d.jpg","jetpack_sharing_enabled":true,"_links":{"self":[{"href":"http:\/\/enteculturalsantafesino.com.ar\/usina5\/wp-json\/wp\/v2\/posts\/4078"}],"collection":[{"href":"http:\/\/enteculturalsantafesino.com.ar\/usina5\/wp-json\/wp\/v2\/posts"}],"about":[{"href":"http:\/\/enteculturalsantafesino.com.ar\/usina5\/wp-json\/wp\/v2\/types\/post"}],"author":[{"embeddable":true,"href":"http:\/\/enteculturalsantafesino.com.ar\/usina5\/wp-json\/wp\/v2\/users\/3"}],"replies":[{"embeddable":true,"href":"http:\/\/enteculturalsantafesino.com.ar\/usina5\/wp-json\/wp\/v2\/comments?post=4078"}],"version-history":[{"count":3,"href":"http:\/\/enteculturalsantafesino.com.ar\/usina5\/wp-json\/wp\/v2\/posts\/4078\/revisions"}],"predecessor-version":[{"id":4082,"href":"http:\/\/enteculturalsantafesino.com.ar\/usina5\/wp-json\/wp\/v2\/posts\/4078\/revisions\/4082"}],"wp:featuredmedia":[{"embeddable":true,"href":"http:\/\/enteculturalsantafesino.com.ar\/usina5\/wp-json\/wp\/v2\/media\/4079"}],"wp:attachment":[{"href":"http:\/\/enteculturalsantafesino.com.ar\/usina5\/wp-json\/wp\/v2\/media?parent=4078"}],"wp:term":[{"taxonomy":"category","embeddable":true,"href":"http:\/\/enteculturalsantafesino.com.ar\/usina5\/wp-json\/wp\/v2\/categories?post=4078"},{"taxonomy":"post_tag","embeddable":true,"href":"http:\/\/enteculturalsantafesino.com.ar\/usina5\/wp-json\/wp\/v2\/tags?post=4078"}],"curies":[{"name":"wp","href":"https:\/\/api.w.org\/{rel}","templated":true}]}}