{"id":4084,"date":"2020-11-17T08:24:34","date_gmt":"2020-11-17T08:24:34","guid":{"rendered":"http:\/\/enteculturalsantafesino.com.ar\/usina5\/?p=4084"},"modified":"2020-11-17T08:24:36","modified_gmt":"2020-11-17T08:24:36","slug":"clave-de-cuento-realizo-su-sexto-encuentro-provincial","status":"publish","type":"post","link":"http:\/\/enteculturalsantafesino.com.ar\/usina5\/2020\/11\/clave-de-cuento-realizo-su-sexto-encuentro-provincial\/","title":{"rendered":"\u00abClave de Cuento\u00bb realiz\u00f3 su sexto encuentro provincial"},"content":{"rendered":"\n<p>El \u00faltimo<strong>\u00a0viernes 13\u00a0<\/strong>a las\u00a0<strong>19 hs\u00a0<\/strong>desde plataforma virtual, se llev\u00f3 a cabo el sexto encuentro del ciclo \u00a0<strong>\u00abClave Cuento\u00bb<\/strong>\u00a0el cual se transform\u00f3 en una acci\u00f3n directa con el territorio santafesino y sus protagonistas, promoviendo la lectura a trav\u00e9s de j\u00f3venes de distintos puntos geogr\u00e1ficos de nuestra provincia.<\/p>\n\n\n\n<p><strong><em>Julieta Le\u00f3n (Sastre), Adri\u00e1n Alassia (Lehmann) y Sof\u00eda Feldmann (Ingeniero Chanourdier)<\/em><\/strong>\u00a0; fueron los nuevos protagonistas que llegaron desde sus comunidades, para expresarse a trav\u00e9s de sus obras literarias, publicadas en el libro\u00a0<strong>\u00abClave de Cuento\u00bb<\/strong><\/p>\n\n\n\n<p><strong>\u00abClave de Cuento\u00bb<\/strong>&nbsp;es un programa gestado por el&nbsp;<strong>Ente Cultural Santafesino<\/strong>&nbsp;y auspiciado por&nbsp;<strong>Claudia Giaccone<\/strong>&nbsp;desde el a\u00f1o 2013 en donde ni\u00f1os y j\u00f3venes santafesinos se fueron sumando en ocho ediciones literarias distribuidas a lo largo y ancho de la provincia.<\/p>\n\n\n\n<p><em>\u00abSeguimos recorriendo nuestra provincia de la mano de los j\u00f3venes reflejando el trabajo llevado adelante en estos 12 a\u00f1os. Esta nueva propuesta sin lugar a dudas fue un gran acierto&nbsp;<\/em>que potencia desde el territorio las pol\u00edticas culturales que dispusimos desde el primer d\u00eda\u00bb. sostuvo&nbsp;<strong>Franco Pietrani- Presidente del Ente Cultural Santafesino<\/strong><\/p>\n\n\n\n<p><strong>Todos los viernes desde las 19hs, a trav\u00e9s de la conducci\u00f3n de Gabriel Ruiz (San Crist\u00f3bal), j\u00f3venes de distintos puntos santafesinos, representan a sus Usinas Culturales; fortaleciendo el v\u00ednculo cultural, gestado desde la literatura<\/strong>.<\/p>\n","protected":false},"excerpt":{"rendered":"<p>El \u00faltimo\u00a0viernes 13\u00a0a las\u00a019 hs\u00a0desde plataforma virtual, se llev\u00f3 a cabo el sexto encuentro del ciclo \u00a0\u00abClave [&hellip;]<\/p>\n","protected":false},"author":3,"featured_media":4085,"comment_status":"open","ping_status":"open","sticky":false,"template":"","format":"standard","meta":{"_jetpack_memberships_contains_paid_content":false,"footnotes":"","jetpack_publicize_message":"","jetpack_publicize_feature_enabled":true,"jetpack_social_post_already_shared":true,"jetpack_social_options":{"image_generator_settings":{"template":"highway","enabled":false}}},"categories":[6],"tags":[],"jetpack_publicize_connections":[],"jetpack_featured_media_url":"http:\/\/enteculturalsantafesino.com.ar\/usina5\/wp-content\/uploads\/2020\/11\/c959fae5-820c-4e4e-a99d-c3b39de8d9c9.jpg","jetpack_sharing_enabled":true,"_links":{"self":[{"href":"http:\/\/enteculturalsantafesino.com.ar\/usina5\/wp-json\/wp\/v2\/posts\/4084"}],"collection":[{"href":"http:\/\/enteculturalsantafesino.com.ar\/usina5\/wp-json\/wp\/v2\/posts"}],"about":[{"href":"http:\/\/enteculturalsantafesino.com.ar\/usina5\/wp-json\/wp\/v2\/types\/post"}],"author":[{"embeddable":true,"href":"http:\/\/enteculturalsantafesino.com.ar\/usina5\/wp-json\/wp\/v2\/users\/3"}],"replies":[{"embeddable":true,"href":"http:\/\/enteculturalsantafesino.com.ar\/usina5\/wp-json\/wp\/v2\/comments?post=4084"}],"version-history":[{"count":1,"href":"http:\/\/enteculturalsantafesino.com.ar\/usina5\/wp-json\/wp\/v2\/posts\/4084\/revisions"}],"predecessor-version":[{"id":4086,"href":"http:\/\/enteculturalsantafesino.com.ar\/usina5\/wp-json\/wp\/v2\/posts\/4084\/revisions\/4086"}],"wp:featuredmedia":[{"embeddable":true,"href":"http:\/\/enteculturalsantafesino.com.ar\/usina5\/wp-json\/wp\/v2\/media\/4085"}],"wp:attachment":[{"href":"http:\/\/enteculturalsantafesino.com.ar\/usina5\/wp-json\/wp\/v2\/media?parent=4084"}],"wp:term":[{"taxonomy":"category","embeddable":true,"href":"http:\/\/enteculturalsantafesino.com.ar\/usina5\/wp-json\/wp\/v2\/categories?post=4084"},{"taxonomy":"post_tag","embeddable":true,"href":"http:\/\/enteculturalsantafesino.com.ar\/usina5\/wp-json\/wp\/v2\/tags?post=4084"}],"curies":[{"name":"wp","href":"https:\/\/api.w.org\/{rel}","templated":true}]}}