{"id":4201,"date":"2022-08-19T01:50:07","date_gmt":"2022-08-19T01:50:07","guid":{"rendered":"http:\/\/enteculturalsantafesino.com.ar\/usina5\/?p=4201"},"modified":"2022-08-19T01:50:10","modified_gmt":"2022-08-19T01:50:10","slug":"arrufo-disfruta-de-la-muestra-campeones","status":"publish","type":"post","link":"http:\/\/enteculturalsantafesino.com.ar\/usina5\/2022\/08\/arrufo-disfruta-de-la-muestra-campeones\/","title":{"rendered":"Arruf\u00f3 disfruta de la Muestra \u00abCampeones\u00bb"},"content":{"rendered":"\n<p>En el marco del <strong>22\u00b0 aniversario de la Biblioteca Popular Miguel A. Sosa<\/strong>; desde el&nbsp;<strong>lunes 15 al s\u00e1bado 20 de agosto<\/strong>&nbsp;se expone  la&nbsp;<strong>Muestra itinerante<\/strong>&nbsp;<strong>\u00abCampeones\u00bb<\/strong>, en la localidad perteneciente al dpto. San Crist\u00f3bal y en donde naci\u00f3<strong> N\u00e9stor Clausen<\/strong>.<\/p>\n\n\n\n<p>Dicha propuesta auspiciada por&nbsp;<strong>Claudia Giaccone<\/strong>&nbsp;e impulsada por el&nbsp;<strong>Ente Cultural Santafesino<\/strong>&nbsp;y la&nbsp;<strong>Biblioteca Popular H\u00e9ctor Reinaudi<\/strong>&nbsp;a trav\u00e9s del<strong>&nbsp;Taller \u00abDesplegando Colores\u00bb&nbsp;<\/strong>es un reconocimiento a las figuras de nuestros&nbsp;<strong>\u201cCampeones\u201d<\/strong>&nbsp;de 1978 y 1986; quienes nacieron en comunidades del interior de nuestro territorio santafesino.<br>La muestra cuenta con dieciocho obras de artes elaboradas por artistas pl\u00e1sticas lehmenses y la incorporaci\u00f3n de ilustraciones del destacado artista&nbsp;<strong>Alfy Blan<\/strong>, quien se sum\u00f3 desinteresadamente a dicha iniciativa; homenajeando a nuestros deportistas santafesinos.<\/p>\n\n\n\n<p><strong>Claudia Giaccone&nbsp;<\/strong>se\u00f1al\u00f3 que la muestra sigue su recorrido en cada una de las comunidades que vio nacer a nuestros Campeones Mundiales del 1978 y 1986. \u00ab<em>Estamos muy felices por la recepci\u00f3n de dicha propuesta, que permite reconocer y reencontrarse con las ra\u00edces de cada uno de nuestros deportistas\u00bb.<\/em><\/p>\n\n\n\n<p>Por su parte <strong>Walter Martinuzzi-Director de la Usina V y Presidente de la Biblioteca <\/strong>remarc\u00f3 que esta muestra se suma al <strong>Concurso fotogr\u00e1fico \u00abCeleste y Blanco\u00bb y \u00abLogros Aurinegros\u00bb<\/strong>, las cuales tendr\u00e1n su cierre el pr\u00f3ximo s\u00e1bado 20 a las 16hs con la entrega de reconocimientos y premiaci\u00f3n.<\/p>\n\n\n\n<p><strong>\u00abSantafesinos Campeones del Mundo\u00bb.<\/strong><br>Llama la atenci\u00f3n la aparici\u00f3n de futbolistas nacidos en pueblos peque\u00f1os. Tan s\u00f3lo Daniel Killer, C\u00e9sar Menotti y Sergio Almir\u00f3n son nacidos en Rosario. Leopoldo Luque y Pedro Pasculli en la capital provincial.<br>Por su parte, N\u00e9stor Clausen naci\u00f3 en Arruf\u00f3 y vivi\u00f3 desde los tres a\u00f1os en Villada, Ricardo Giusti en Albarellos, Nery Pumpido en Monje, H\u00e9ctor Zelada en Maciel, Jorge Valdano naci\u00f3 en Las Parejas, Marcelo Trobiani en Casilda.<\/p>\n\n\n\n<p>Adem\u00e1s la muestra&nbsp;<strong>\u00abCampeones\u00bb,<\/strong>&nbsp;cuenta con la incorporaci\u00f3n de las obras dedicadas a los jugadores santafesinos que participar\u00e1n en el pr\u00f3ximo Mundial a disputarse en \u00abQatar 2022\u00bb<\/p>\n","protected":false},"excerpt":{"rendered":"<p>En el marco del 22\u00b0 aniversario de la Biblioteca Popular Miguel A. Sosa; desde el&nbsp;lunes 15 al [&hellip;]<\/p>\n","protected":false},"author":3,"featured_media":4203,"comment_status":"open","ping_status":"open","sticky":false,"template":"","format":"standard","meta":{"_jetpack_memberships_contains_paid_content":false,"footnotes":"","jetpack_publicize_message":"","jetpack_publicize_feature_enabled":true,"jetpack_social_post_already_shared":true,"jetpack_social_options":{"image_generator_settings":{"template":"highway","enabled":false}}},"categories":[4,6],"tags":[],"jetpack_publicize_connections":[],"jetpack_featured_media_url":"http:\/\/enteculturalsantafesino.com.ar\/usina5\/wp-content\/uploads\/2022\/08\/1d934bea-5b30-46c1-94a8-312ce471523c.jpg","jetpack_sharing_enabled":true,"_links":{"self":[{"href":"http:\/\/enteculturalsantafesino.com.ar\/usina5\/wp-json\/wp\/v2\/posts\/4201"}],"collection":[{"href":"http:\/\/enteculturalsantafesino.com.ar\/usina5\/wp-json\/wp\/v2\/posts"}],"about":[{"href":"http:\/\/enteculturalsantafesino.com.ar\/usina5\/wp-json\/wp\/v2\/types\/post"}],"author":[{"embeddable":true,"href":"http:\/\/enteculturalsantafesino.com.ar\/usina5\/wp-json\/wp\/v2\/users\/3"}],"replies":[{"embeddable":true,"href":"http:\/\/enteculturalsantafesino.com.ar\/usina5\/wp-json\/wp\/v2\/comments?post=4201"}],"version-history":[{"count":2,"href":"http:\/\/enteculturalsantafesino.com.ar\/usina5\/wp-json\/wp\/v2\/posts\/4201\/revisions"}],"predecessor-version":[{"id":4204,"href":"http:\/\/enteculturalsantafesino.com.ar\/usina5\/wp-json\/wp\/v2\/posts\/4201\/revisions\/4204"}],"wp:featuredmedia":[{"embeddable":true,"href":"http:\/\/enteculturalsantafesino.com.ar\/usina5\/wp-json\/wp\/v2\/media\/4203"}],"wp:attachment":[{"href":"http:\/\/enteculturalsantafesino.com.ar\/usina5\/wp-json\/wp\/v2\/media?parent=4201"}],"wp:term":[{"taxonomy":"category","embeddable":true,"href":"http:\/\/enteculturalsantafesino.com.ar\/usina5\/wp-json\/wp\/v2\/categories?post=4201"},{"taxonomy":"post_tag","embeddable":true,"href":"http:\/\/enteculturalsantafesino.com.ar\/usina5\/wp-json\/wp\/v2\/tags?post=4201"}],"curies":[{"name":"wp","href":"https:\/\/api.w.org\/{rel}","templated":true}]}}