{"id":4384,"date":"2024-01-07T10:37:35","date_gmt":"2024-01-07T10:37:35","guid":{"rendered":"http:\/\/enteculturalsantafesino.com.ar\/usina5\/?p=4384"},"modified":"2024-01-07T10:37:38","modified_gmt":"2024-01-07T10:37:38","slug":"san-guillermo-sol-chavez-la-nueva-reina-de-la-fiesta-nacional-del-camping","status":"publish","type":"post","link":"http:\/\/enteculturalsantafesino.com.ar\/usina5\/2024\/01\/san-guillermo-sol-chavez-la-nueva-reina-de-la-fiesta-nacional-del-camping\/","title":{"rendered":"San Guillermo: Sol Ch\u00e1vez la nueva reina de la Fiesta Nacional del Camping"},"content":{"rendered":"\n<h4 class=\"wp-block-heading\">La joven lleg\u00f3 en representaci\u00f3n de la localidad de Nuevo Torino y fue elegida en el marco del tradicional evento que se desarroll\u00f3 en el Parque Municipal de San Guillermo<\/h4>\n\n\n\n<p><strong>Ana Paula Gilli,&nbsp;<\/strong>de San Guillermo, postulante de la Coop. de Servicios P\u00fablicos, fue elegida&nbsp;<strong>Miss Simpat\u00eda.<\/strong><br><br>El evento se vi\u00f3 interrumpido por la llegada de la tormenta, aunque se pudo&nbsp;<strong>realizar el acto central, la elecci\u00f3n de la nueva reina y la presentaci\u00f3n de&nbsp;la cuartetera Valentina M\u00e1rquez.&nbsp;<\/strong><br><br>La jornada del domingo&nbsp;<strong>se suspendi\u00f3 en su totalidad debido a la lluvia,<\/strong>&nbsp;aunque no se van a reprogramar los n\u00fameros art\u00edsticos que se anunciaron.&nbsp;<\/p>\n","protected":false},"excerpt":{"rendered":"<p>La joven lleg\u00f3 en representaci\u00f3n de la localidad de Nuevo Torino y fue elegida en el marco [&hellip;]<\/p>\n","protected":false},"author":3,"featured_media":4385,"comment_status":"open","ping_status":"open","sticky":false,"template":"","format":"standard","meta":{"_jetpack_memberships_contains_paid_content":false,"footnotes":"","jetpack_publicize_message":"","jetpack_publicize_feature_enabled":true,"jetpack_social_post_already_shared":true,"jetpack_social_options":{"image_generator_settings":{"template":"highway","enabled":false}}},"categories":[10],"tags":[],"jetpack_publicize_connections":[],"jetpack_featured_media_url":"http:\/\/enteculturalsantafesino.com.ar\/usina5\/wp-content\/uploads\/2024\/01\/23249-fiestadelcamping-reina.jpg","jetpack_sharing_enabled":true,"_links":{"self":[{"href":"http:\/\/enteculturalsantafesino.com.ar\/usina5\/wp-json\/wp\/v2\/posts\/4384"}],"collection":[{"href":"http:\/\/enteculturalsantafesino.com.ar\/usina5\/wp-json\/wp\/v2\/posts"}],"about":[{"href":"http:\/\/enteculturalsantafesino.com.ar\/usina5\/wp-json\/wp\/v2\/types\/post"}],"author":[{"embeddable":true,"href":"http:\/\/enteculturalsantafesino.com.ar\/usina5\/wp-json\/wp\/v2\/users\/3"}],"replies":[{"embeddable":true,"href":"http:\/\/enteculturalsantafesino.com.ar\/usina5\/wp-json\/wp\/v2\/comments?post=4384"}],"version-history":[{"count":1,"href":"http:\/\/enteculturalsantafesino.com.ar\/usina5\/wp-json\/wp\/v2\/posts\/4384\/revisions"}],"predecessor-version":[{"id":4386,"href":"http:\/\/enteculturalsantafesino.com.ar\/usina5\/wp-json\/wp\/v2\/posts\/4384\/revisions\/4386"}],"wp:featuredmedia":[{"embeddable":true,"href":"http:\/\/enteculturalsantafesino.com.ar\/usina5\/wp-json\/wp\/v2\/media\/4385"}],"wp:attachment":[{"href":"http:\/\/enteculturalsantafesino.com.ar\/usina5\/wp-json\/wp\/v2\/media?parent=4384"}],"wp:term":[{"taxonomy":"category","embeddable":true,"href":"http:\/\/enteculturalsantafesino.com.ar\/usina5\/wp-json\/wp\/v2\/categories?post=4384"},{"taxonomy":"post_tag","embeddable":true,"href":"http:\/\/enteculturalsantafesino.com.ar\/usina5\/wp-json\/wp\/v2\/tags?post=4384"}],"curies":[{"name":"wp","href":"https:\/\/api.w.org\/{rel}","templated":true}]}}