{"id":4425,"date":"2024-05-16T22:20:10","date_gmt":"2024-05-16T22:20:10","guid":{"rendered":"http:\/\/enteculturalsantafesino.com.ar\/usina5\/?p=4425"},"modified":"2024-05-16T22:20:14","modified_gmt":"2024-05-16T22:20:14","slug":"villa-trinidad-coronel-arnold-canada-rosquin-y-maria-teresa-disputan-la-etapa-local-del-torneo-provincial-de-bolitas","status":"publish","type":"post","link":"http:\/\/enteculturalsantafesino.com.ar\/usina5\/2024\/05\/villa-trinidad-coronel-arnold-canada-rosquin-y-maria-teresa-disputan-la-etapa-local-del-torneo-provincial-de-bolitas\/","title":{"rendered":"Villa Trinidad, Coronel Arnold, Ca\u00f1ada Rosqu\u00edn y Mar\u00eda Teresa disputan la etapa local del \u00abTorneo Provincial de Bolitas\u00bb"},"content":{"rendered":"\n<p>Ya son m\u00e1s de cien las comunidades que adhirieron a la propuesta del<strong> Ente Cultural Santafesino<\/strong> y la <strong>F\u00e1brica de Bolitas Tinka.<\/strong><\/p>\n\n\n\n<p>En las localidad de <strong>Coronel Arnold<\/strong> (dpto. San Lorenzo) el pr\u00f3ximo <strong>s\u00e1bado 18 de mayo<\/strong> se desarrollar\u00e1 la instancia local, mientras en las comunidades <strong>Ca\u00f1ada Rosqu\u00edn<\/strong> (dpto. San Mart\u00edn), <strong>Villa Trinidad<\/strong> (San Crist\u00f3bal) y <strong>Mar\u00eda Teresa <\/strong>(Gral. L\u00f3pez) se disputar\u00e1n las etapas locales el <strong>domingo 19 de mayo<\/strong>, para determinar los representantes que ir\u00e1n a la etapa regional del Torneo Provincial de Bolitas.<\/p>\n\n\n\n<p>De esta manera, comunidades de distintos puntos de la provincia de Santa Fe realizan esta propuesta a la que hasta el momento adhieren m\u00e1s de 100 localidades, para ir cumpliendo el prop\u00f3sito de difundir no solo este juego tradicional, sino tambi\u00e9n la producci\u00f3n y la cultura del trabajo.<\/p>\n\n\n\n<p>Este <strong>\u00ab6\u00b0 Torneo Provincial de Bolita<\/strong>s\u00bb es organizado y auspiciado por el <strong>Ente Cultural Santafesino, la Lic. Claudia Giaccone <\/strong>y la<strong> Empresa Tinka<\/strong>, \u00fanica f\u00e1brica de bolitas de Argentina, ubicada en San Jorge.<em> \u00abEste juego, que re\u00fane a abuelos, padres e hijos, es un esparcimiento sano, de muy bajo costo y sin agresiones, que aleja al ni\u00f1o de la calle y que adem\u00e1s constituye un veh\u00edculo alternativo de socializaci\u00f3n y complemento de la educaci\u00f3n formal, favoreciendo el desarrollo de la inteligencia y el pensamiento l\u00f3gico, estrat\u00e9gico y creativo\u00bb<\/em>, seg\u00fan reconoci\u00f3 el <strong>presidente del Ente Cultural Santafesino, Franco De Crist\u00f3fano.<\/strong><\/p>\n\n\n\n<p>El certamen contar\u00e1 con instancias locales como las nombradas, a desarrollarse durante mayo y junio, luego seguir\u00e1n las regionales en julio, con la gran final en la ciudad de San Jorge que se realizar\u00e1 en septiembre, posibilitando que los participantes recorran la \u00fanica f\u00e1brica argentina de bolitas de cristal.<\/p>\n","protected":false},"excerpt":{"rendered":"<p>Ya son m\u00e1s de cien las comunidades que adhirieron a la propuesta del Ente Cultural Santafesino y [&hellip;]<\/p>\n","protected":false},"author":3,"featured_media":4426,"comment_status":"open","ping_status":"open","sticky":false,"template":"","format":"standard","meta":{"_jetpack_memberships_contains_paid_content":false,"footnotes":"","jetpack_publicize_message":"","jetpack_publicize_feature_enabled":true,"jetpack_social_post_already_shared":true,"jetpack_social_options":{"image_generator_settings":{"template":"highway","enabled":false}}},"categories":[6,5],"tags":[],"jetpack_publicize_connections":[],"jetpack_featured_media_url":"http:\/\/enteculturalsantafesino.com.ar\/usina5\/wp-content\/uploads\/2024\/05\/37037cc0-35b5-4fc4-8b06-75cfc3086222.jpg","jetpack_sharing_enabled":true,"_links":{"self":[{"href":"http:\/\/enteculturalsantafesino.com.ar\/usina5\/wp-json\/wp\/v2\/posts\/4425"}],"collection":[{"href":"http:\/\/enteculturalsantafesino.com.ar\/usina5\/wp-json\/wp\/v2\/posts"}],"about":[{"href":"http:\/\/enteculturalsantafesino.com.ar\/usina5\/wp-json\/wp\/v2\/types\/post"}],"author":[{"embeddable":true,"href":"http:\/\/enteculturalsantafesino.com.ar\/usina5\/wp-json\/wp\/v2\/users\/3"}],"replies":[{"embeddable":true,"href":"http:\/\/enteculturalsantafesino.com.ar\/usina5\/wp-json\/wp\/v2\/comments?post=4425"}],"version-history":[{"count":1,"href":"http:\/\/enteculturalsantafesino.com.ar\/usina5\/wp-json\/wp\/v2\/posts\/4425\/revisions"}],"predecessor-version":[{"id":4427,"href":"http:\/\/enteculturalsantafesino.com.ar\/usina5\/wp-json\/wp\/v2\/posts\/4425\/revisions\/4427"}],"wp:featuredmedia":[{"embeddable":true,"href":"http:\/\/enteculturalsantafesino.com.ar\/usina5\/wp-json\/wp\/v2\/media\/4426"}],"wp:attachment":[{"href":"http:\/\/enteculturalsantafesino.com.ar\/usina5\/wp-json\/wp\/v2\/media?parent=4425"}],"wp:term":[{"taxonomy":"category","embeddable":true,"href":"http:\/\/enteculturalsantafesino.com.ar\/usina5\/wp-json\/wp\/v2\/categories?post=4425"},{"taxonomy":"post_tag","embeddable":true,"href":"http:\/\/enteculturalsantafesino.com.ar\/usina5\/wp-json\/wp\/v2\/tags?post=4425"}],"curies":[{"name":"wp","href":"https:\/\/api.w.org\/{rel}","templated":true}]}}