{"id":4428,"date":"2024-05-19T22:33:47","date_gmt":"2024-05-19T22:33:47","guid":{"rendered":"http:\/\/enteculturalsantafesino.com.ar\/usina5\/?p=4428"},"modified":"2024-05-19T22:33:50","modified_gmt":"2024-05-19T22:33:50","slug":"excelente-convocatoria-en-el-torneo-de-bolitas-desarrollado-en-villa-trinidad","status":"publish","type":"post","link":"http:\/\/enteculturalsantafesino.com.ar\/usina5\/2024\/05\/excelente-convocatoria-en-el-torneo-de-bolitas-desarrollado-en-villa-trinidad\/","title":{"rendered":"Excelente convocatoria en el \u00abTorneo de Bolitas\u00bb desarrollado en Villa Trinidad"},"content":{"rendered":"\n<p>El d\u00eda<strong>\u00a0domingo 19 de mayo<\/strong>\u00a0se realiz\u00f3 en la localidad perteneciente al dpto. San Crist\u00f3bal la instancia local, perteneciente al\u00a0<strong>\u00ab6\u00b0 Torneo Provincial de Bolitas \u2013 Copa Prof. Orlando H. Rinesi\u00bb\u00a0<\/strong>organizado por el\u00a0<strong>Ente Cultural Santafesino<\/strong>\u00a0y coordinado por la\u00a0<strong>Comuna de Villa Trinidad<\/strong><\/p>\n\n\n\n<p>Los partidos se desarrollaron en la\u00a0<strong>Plaza 9 de julio<\/strong> El mismo presenta 4 categor\u00edas:\u00a0<em>Categor\u00eda \u201cA\u201d de 8 a 12 a\u00f1os; Categor\u00eda \u201cB\u201d de 13 a 15 a\u00f1os; Categor\u00eda \u201cC\u201d de 16 a 30 a\u00f1os; y Categor\u00eda \u201cD\u201d de 31 en adelante.<\/em><\/p>\n\n\n\n<p><strong>Categor\u00eda A: Nazareno Mendoza<br>Categor\u00eda B: \u00c1lvaro Franciscon<\/strong>i                                                                                                         <strong>Categor\u00eda C: Joel G\u00f3mez<\/strong>                                                                                                                    <strong>Categor\u00eda D: Nicol\u00e1s Banegas<\/strong><\/p>\n\n\n\n<p>El certamen cuenta con competencias locales, luego regionales y la gran final que ser\u00e1 en la ciudad de San Jorge, posibilitando que los participantes recorran la primera f\u00e1brica argentina de Bolitas de Cristal.<\/p>\n\n\n\n<p>Contin\u00faan los encuentros locales en busca de representantes a las etapas regionales. El cierre ser\u00e1 durante el mes de septiembre en la ciudad de San Jorge.&nbsp;<\/p>\n\n\n\n<p><strong>El Director de la Usina V German Bertolini, <\/strong>estuvo presente en la actividad, agradeciendo y felicitando a la gesti\u00f3n comunal por sumarse a dicha propuesta que vincula a grandes y chicos, siendo un \u00e9xito en convocatoria y participaci\u00f3n.<\/p>\n\n\n\n<p><\/p>\n","protected":false},"excerpt":{"rendered":"<p>El d\u00eda\u00a0domingo 19 de mayo\u00a0se realiz\u00f3 en la localidad perteneciente al dpto. San Crist\u00f3bal la instancia local, [&hellip;]<\/p>\n","protected":false},"author":3,"featured_media":4429,"comment_status":"open","ping_status":"open","sticky":false,"template":"","format":"standard","meta":{"_jetpack_memberships_contains_paid_content":false,"footnotes":"","jetpack_publicize_message":"","jetpack_publicize_feature_enabled":true,"jetpack_social_post_already_shared":true,"jetpack_social_options":{"image_generator_settings":{"template":"highway","enabled":false}}},"categories":[6,5],"tags":[],"jetpack_publicize_connections":[],"jetpack_featured_media_url":"http:\/\/enteculturalsantafesino.com.ar\/usina5\/wp-content\/uploads\/2024\/05\/4f1e9f8b-74d4-4a34-a3d0-dc9482b594c3.jpg","jetpack_sharing_enabled":true,"_links":{"self":[{"href":"http:\/\/enteculturalsantafesino.com.ar\/usina5\/wp-json\/wp\/v2\/posts\/4428"}],"collection":[{"href":"http:\/\/enteculturalsantafesino.com.ar\/usina5\/wp-json\/wp\/v2\/posts"}],"about":[{"href":"http:\/\/enteculturalsantafesino.com.ar\/usina5\/wp-json\/wp\/v2\/types\/post"}],"author":[{"embeddable":true,"href":"http:\/\/enteculturalsantafesino.com.ar\/usina5\/wp-json\/wp\/v2\/users\/3"}],"replies":[{"embeddable":true,"href":"http:\/\/enteculturalsantafesino.com.ar\/usina5\/wp-json\/wp\/v2\/comments?post=4428"}],"version-history":[{"count":1,"href":"http:\/\/enteculturalsantafesino.com.ar\/usina5\/wp-json\/wp\/v2\/posts\/4428\/revisions"}],"predecessor-version":[{"id":4430,"href":"http:\/\/enteculturalsantafesino.com.ar\/usina5\/wp-json\/wp\/v2\/posts\/4428\/revisions\/4430"}],"wp:featuredmedia":[{"embeddable":true,"href":"http:\/\/enteculturalsantafesino.com.ar\/usina5\/wp-json\/wp\/v2\/media\/4429"}],"wp:attachment":[{"href":"http:\/\/enteculturalsantafesino.com.ar\/usina5\/wp-json\/wp\/v2\/media?parent=4428"}],"wp:term":[{"taxonomy":"category","embeddable":true,"href":"http:\/\/enteculturalsantafesino.com.ar\/usina5\/wp-json\/wp\/v2\/categories?post=4428"},{"taxonomy":"post_tag","embeddable":true,"href":"http:\/\/enteculturalsantafesino.com.ar\/usina5\/wp-json\/wp\/v2\/tags?post=4428"}],"curies":[{"name":"wp","href":"https:\/\/api.w.org\/{rel}","templated":true}]}}