{"id":4435,"date":"2024-05-25T23:26:54","date_gmt":"2024-05-25T23:26:54","guid":{"rendered":"http:\/\/enteculturalsantafesino.com.ar\/usina5\/?p=4435"},"modified":"2024-05-25T23:28:06","modified_gmt":"2024-05-25T23:28:06","slug":"en-suardi-se-vivio-el-torneo-provincial-de-bolitas","status":"publish","type":"post","link":"http:\/\/enteculturalsantafesino.com.ar\/usina5\/2024\/05\/en-suardi-se-vivio-el-torneo-provincial-de-bolitas\/","title":{"rendered":"En Suardi se vivi\u00f3 el \u00abTorneo Provincial de Bolitas\u00bb"},"content":{"rendered":"\n<p>El d\u00eda<strong>\u00a0s\u00e1bado 25 de mayo<\/strong>\u00a0se realiz\u00f3 en la localidad perteneciente al dpto. San Crist\u00f3bal la instancia local, perteneciente al\u00a0<strong>\u00ab6\u00b0 Torneo Provincial de Bolitas \u2013 Copa Prof. Orlando H. Rinesi\u00bb\u00a0<\/strong>organizado por el\u00a0<strong>Ente Cultural Santafesino<\/strong>\u00a0y coordinado en la\u00a0<strong>Municipalidad de Suardi<\/strong>.<\/p>\n\n\n\n<p>Los partidos se llevaron a cabo en el\u00a0<strong>Circuito \u00abJorge Marengo\u00bb<\/strong>. El mismo presenta 4 categor\u00edas:\u00a0<em>Categor\u00eda \u201cA\u201d de 8 a 12 a\u00f1os; Categor\u00eda \u201cB\u201d de 13 a 15 a\u00f1os; Categor\u00eda \u201cC\u201d de 16 a 30 a\u00f1os; y Categor\u00eda \u201cD\u201d de 31 en adelante.<\/em><\/p>\n\n\n\n<p><strong>Categor\u00eda A: Leandro Acosta<br>Categor\u00eda B: Francisco Castillo<br>Categor\u00eda C: Facundo Retamozzo<\/strong>                                                                                                                     <strong>Categor\u00eda D: Mauro Moreira<\/strong><\/p>\n\n\n\n<p>El certamen cuenta con competencias locales, luego regionales y la gran final que ser\u00e1 en la ciudad de San Jorge, posibilitando que los participantes recorran la primera f\u00e1brica argentina de Bolitas de Cristal.<\/p>\n\n\n\n<p>Contin\u00faan los encuentros locales en busca de representantes a las etapas regionales. El cierre ser\u00e1 durante el mes de septiembre en la ciudad de San Jorge.&nbsp;<\/p>\n\n\n\n<p><strong>El Presidente del Ente Cultural Santafesino \u2013 Franco De Crist\u00f3fano&nbsp;<\/strong>dijo que \u00ab<em>estos torneos ya son un c\u00e1sico dentro del trabajo articulado que lleva el Ente Cultural Santafesino, constituyen una experiencia conmovedora, un encuentro de norte a sur y de este a oeste de la provincia, convocando a ni\u00f1os, j\u00f3venes y adultos a un juego que remite a la nostalgia, pero que tambi\u00e9n nos permite resaltar la cultura del esfuerzo y la producci\u00f3n que tenemos los santafesinos\u00bb<\/em>.<\/p>\n","protected":false},"excerpt":{"rendered":"<p>El d\u00eda\u00a0s\u00e1bado 25 de mayo\u00a0se realiz\u00f3 en la localidad perteneciente al dpto. San Crist\u00f3bal la instancia local, [&hellip;]<\/p>\n","protected":false},"author":3,"featured_media":4436,"comment_status":"open","ping_status":"open","sticky":false,"template":"","format":"standard","meta":{"_jetpack_memberships_contains_paid_content":false,"footnotes":"","jetpack_publicize_message":"","jetpack_publicize_feature_enabled":true,"jetpack_social_post_already_shared":true,"jetpack_social_options":{"image_generator_settings":{"template":"highway","enabled":false}}},"categories":[6,2],"tags":[],"jetpack_publicize_connections":[],"jetpack_featured_media_url":"http:\/\/enteculturalsantafesino.com.ar\/usina5\/wp-content\/uploads\/2024\/05\/d0393f50-f476-41bc-985e-470deedcd214.jpg","jetpack_sharing_enabled":true,"_links":{"self":[{"href":"http:\/\/enteculturalsantafesino.com.ar\/usina5\/wp-json\/wp\/v2\/posts\/4435"}],"collection":[{"href":"http:\/\/enteculturalsantafesino.com.ar\/usina5\/wp-json\/wp\/v2\/posts"}],"about":[{"href":"http:\/\/enteculturalsantafesino.com.ar\/usina5\/wp-json\/wp\/v2\/types\/post"}],"author":[{"embeddable":true,"href":"http:\/\/enteculturalsantafesino.com.ar\/usina5\/wp-json\/wp\/v2\/users\/3"}],"replies":[{"embeddable":true,"href":"http:\/\/enteculturalsantafesino.com.ar\/usina5\/wp-json\/wp\/v2\/comments?post=4435"}],"version-history":[{"count":1,"href":"http:\/\/enteculturalsantafesino.com.ar\/usina5\/wp-json\/wp\/v2\/posts\/4435\/revisions"}],"predecessor-version":[{"id":4437,"href":"http:\/\/enteculturalsantafesino.com.ar\/usina5\/wp-json\/wp\/v2\/posts\/4435\/revisions\/4437"}],"wp:featuredmedia":[{"embeddable":true,"href":"http:\/\/enteculturalsantafesino.com.ar\/usina5\/wp-json\/wp\/v2\/media\/4436"}],"wp:attachment":[{"href":"http:\/\/enteculturalsantafesino.com.ar\/usina5\/wp-json\/wp\/v2\/media?parent=4435"}],"wp:term":[{"taxonomy":"category","embeddable":true,"href":"http:\/\/enteculturalsantafesino.com.ar\/usina5\/wp-json\/wp\/v2\/categories?post=4435"},{"taxonomy":"post_tag","embeddable":true,"href":"http:\/\/enteculturalsantafesino.com.ar\/usina5\/wp-json\/wp\/v2\/tags?post=4435"}],"curies":[{"name":"wp","href":"https:\/\/api.w.org\/{rel}","templated":true}]}}