{"id":4478,"date":"2024-06-21T17:29:05","date_gmt":"2024-06-21T17:29:05","guid":{"rendered":"http:\/\/enteculturalsantafesino.com.ar\/usina5\/?p=4478"},"modified":"2024-06-21T17:29:09","modified_gmt":"2024-06-21T17:29:09","slug":"en-la-rubia-se-jugo-el-torneo-provincial-de-bolitas","status":"publish","type":"post","link":"http:\/\/enteculturalsantafesino.com.ar\/usina5\/2024\/06\/en-la-rubia-se-jugo-el-torneo-provincial-de-bolitas\/","title":{"rendered":"En La Rubia se jug\u00f3 el \u00abTorneo Provincial de Bolitas\u00bb"},"content":{"rendered":"\n<p>El d\u00eda\u00a0<strong>lunes 17 de junio<\/strong>\u00a0se realiz\u00f3 en la comunidad del dpto. San Crist\u00f3bal la instancia local del\u00a0<strong>\u00abTorneo Provincial de Bolitas\u00bb\u00a0<\/strong>organizado por el\u00a0<strong>Ente Cultural Santafesino\u00a0<\/strong>y coordinado por la\u00a0<strong>Comuna de La Rubia<\/strong><\/p>\n\n\n\n<p>El torneo local se desarroll\u00f3 frente a la sede comunal. El mismo present\u00f3 4 categor\u00edas:<br>Categor\u00eda \u201cA\u201d de 8 a 12 a\u00f1os; Categor\u00eda \u201cB\u201d de 13 a 15 a\u00f1os; Categor\u00eda \u201cC\u201d de 16 a 30 a\u00f1os; y Categor\u00eda \u201cD\u201d de 31 en adelante.\u00a0<\/p>\n\n\n\n<p>Los ganadores fueron los siguientes:<br><strong>Categor\u00eda A: Jerem\u00edas P\u00e9rez<br>Categor\u00eda B: Leonel Cejas<br>Categor\u00eda C: Luis P\u00e9rez<br>Categor\u00eda D: Lucas D\u00edaz<\/strong><\/p>\n\n\n\n<p>El certamen cuenta con competencias locales, luego regionales y la gran final con los finalistas provinciales.<\/p>\n\n\n\n<p><strong>El Presidente del Ente Cultural Santafesino \u2013 Franco De Crist\u00f3fano&nbsp;<\/strong>dijo que \u00ab<em>estos torneos ya son un c\u00e1sico dentro del trabajo articulado que lleva el Ente Cultural Santafesino, constituyen una experiencia conmovedora, un encuentro de norte a sur y de este a oeste de la provincia, convocando a ni\u00f1os, j\u00f3venes y adultos a un juego que remite a la nostalgia, pero que tambi\u00e9n nos permite resaltar la cultura del esfuerzo y la producci\u00f3n que tenemos los santafesinos\u00bb<\/em>.<\/p>\n","protected":false},"excerpt":{"rendered":"<p>El d\u00eda\u00a0lunes 17 de junio\u00a0se realiz\u00f3 en la comunidad del dpto. San Crist\u00f3bal la instancia local del\u00a0\u00abTorneo [&hellip;]<\/p>\n","protected":false},"author":3,"featured_media":4479,"comment_status":"open","ping_status":"open","sticky":false,"template":"","format":"standard","meta":{"_jetpack_memberships_contains_paid_content":false,"footnotes":"","jetpack_publicize_message":"","jetpack_publicize_feature_enabled":true,"jetpack_social_post_already_shared":true,"jetpack_social_options":{"image_generator_settings":{"template":"highway","enabled":false}}},"categories":[6,18],"tags":[],"jetpack_publicize_connections":[],"jetpack_featured_media_url":"http:\/\/enteculturalsantafesino.com.ar\/usina5\/wp-content\/uploads\/2024\/06\/WhatsApp-Image-2024-06-20-at-19.10.34-scaled.jpeg","jetpack_sharing_enabled":true,"_links":{"self":[{"href":"http:\/\/enteculturalsantafesino.com.ar\/usina5\/wp-json\/wp\/v2\/posts\/4478"}],"collection":[{"href":"http:\/\/enteculturalsantafesino.com.ar\/usina5\/wp-json\/wp\/v2\/posts"}],"about":[{"href":"http:\/\/enteculturalsantafesino.com.ar\/usina5\/wp-json\/wp\/v2\/types\/post"}],"author":[{"embeddable":true,"href":"http:\/\/enteculturalsantafesino.com.ar\/usina5\/wp-json\/wp\/v2\/users\/3"}],"replies":[{"embeddable":true,"href":"http:\/\/enteculturalsantafesino.com.ar\/usina5\/wp-json\/wp\/v2\/comments?post=4478"}],"version-history":[{"count":1,"href":"http:\/\/enteculturalsantafesino.com.ar\/usina5\/wp-json\/wp\/v2\/posts\/4478\/revisions"}],"predecessor-version":[{"id":4480,"href":"http:\/\/enteculturalsantafesino.com.ar\/usina5\/wp-json\/wp\/v2\/posts\/4478\/revisions\/4480"}],"wp:featuredmedia":[{"embeddable":true,"href":"http:\/\/enteculturalsantafesino.com.ar\/usina5\/wp-json\/wp\/v2\/media\/4479"}],"wp:attachment":[{"href":"http:\/\/enteculturalsantafesino.com.ar\/usina5\/wp-json\/wp\/v2\/media?parent=4478"}],"wp:term":[{"taxonomy":"category","embeddable":true,"href":"http:\/\/enteculturalsantafesino.com.ar\/usina5\/wp-json\/wp\/v2\/categories?post=4478"},{"taxonomy":"post_tag","embeddable":true,"href":"http:\/\/enteculturalsantafesino.com.ar\/usina5\/wp-json\/wp\/v2\/tags?post=4478"}],"curies":[{"name":"wp","href":"https:\/\/api.w.org\/{rel}","templated":true}]}}