{"id":4481,"date":"2024-06-21T17:44:27","date_gmt":"2024-06-21T17:44:27","guid":{"rendered":"http:\/\/enteculturalsantafesino.com.ar\/usina5\/?p=4481"},"modified":"2024-06-21T17:44:29","modified_gmt":"2024-06-21T17:44:29","slug":"monigotes-se-sumo-al-torneo-provincial-de-bolitas","status":"publish","type":"post","link":"http:\/\/enteculturalsantafesino.com.ar\/usina5\/2024\/06\/monigotes-se-sumo-al-torneo-provincial-de-bolitas\/","title":{"rendered":"Monigotes se sum\u00f3 al \u00abTorneo provincial de Bolitas\u00bb"},"content":{"rendered":"\n<p>El d\u00eda\u00a0<strong>jueves 20 de junio<\/strong>\u00a0se realiz\u00f3 en la comunidad del dpto. San Jer\u00f3nimo la instancia local del\u00a0<strong>\u00abTorneo Provincial de Bolitas\u00bb\u00a0<\/strong>organizado por el\u00a0<strong>Ente Cultural Santafesino\u00a0<\/strong>y coordinado por la\u00a0<strong>Comuna de Monigotes<\/strong><\/p>\n\n\n\n<p>El mismo present\u00f3 4 categor\u00edas: Categor\u00eda \u201cA\u201d de 8 a 12 a\u00f1os; Categor\u00eda \u201cB\u201d de 13 a 15 a\u00f1os; Categor\u00eda \u201cC\u201d de 16 a 30 a\u00f1os; y Categor\u00eda \u201cD\u201d de 31 en adelante.\u00a0<\/p>\n\n\n\n<p>Los ganadores fueron los siguientes:<br><strong>Categor\u00eda A: Valent\u00edn Baquel<br>Categor\u00eda C: Walter Barberis<\/strong><\/p>\n\n\n\n<p>El certamen cuenta con competencias locales, luego regionales y la gran final con los finalistas provinciales.<\/p>\n\n\n\n<p><strong>El Presidente del Ente Cultural Santafesino \u2013 Franco De Crist\u00f3fano&nbsp;<\/strong>dijo que \u00ab<em>estos torneos ya son un c\u00e1sico dentro del trabajo articulado que lleva el Ente Cultural Santafesino, constituyen una experiencia conmovedora, un encuentro de norte a sur y de este a oeste de la provincia, convocando a ni\u00f1os, j\u00f3venes y adultos a un juego que remite a la nostalgia, pero que tambi\u00e9n nos permite resaltar la cultura del esfuerzo y la producci\u00f3n que tenemos los santafesinos\u00bb<\/em>.<\/p>\n","protected":false},"excerpt":{"rendered":"<p>El d\u00eda\u00a0jueves 20 de junio\u00a0se realiz\u00f3 en la comunidad del dpto. San Jer\u00f3nimo la instancia local del\u00a0\u00abTorneo [&hellip;]<\/p>\n","protected":false},"author":3,"featured_media":4482,"comment_status":"open","ping_status":"open","sticky":false,"template":"","format":"standard","meta":{"_jetpack_memberships_contains_paid_content":false,"footnotes":"","jetpack_publicize_message":"","jetpack_publicize_feature_enabled":true,"jetpack_social_post_already_shared":true,"jetpack_social_options":{"image_generator_settings":{"template":"highway","enabled":false}}},"categories":[6,15],"tags":[],"jetpack_publicize_connections":[],"jetpack_featured_media_url":"http:\/\/enteculturalsantafesino.com.ar\/usina5\/wp-content\/uploads\/2024\/06\/WhatsApp-Image-2024-06-20-at-17.17.24.jpeg","jetpack_sharing_enabled":true,"_links":{"self":[{"href":"http:\/\/enteculturalsantafesino.com.ar\/usina5\/wp-json\/wp\/v2\/posts\/4481"}],"collection":[{"href":"http:\/\/enteculturalsantafesino.com.ar\/usina5\/wp-json\/wp\/v2\/posts"}],"about":[{"href":"http:\/\/enteculturalsantafesino.com.ar\/usina5\/wp-json\/wp\/v2\/types\/post"}],"author":[{"embeddable":true,"href":"http:\/\/enteculturalsantafesino.com.ar\/usina5\/wp-json\/wp\/v2\/users\/3"}],"replies":[{"embeddable":true,"href":"http:\/\/enteculturalsantafesino.com.ar\/usina5\/wp-json\/wp\/v2\/comments?post=4481"}],"version-history":[{"count":1,"href":"http:\/\/enteculturalsantafesino.com.ar\/usina5\/wp-json\/wp\/v2\/posts\/4481\/revisions"}],"predecessor-version":[{"id":4483,"href":"http:\/\/enteculturalsantafesino.com.ar\/usina5\/wp-json\/wp\/v2\/posts\/4481\/revisions\/4483"}],"wp:featuredmedia":[{"embeddable":true,"href":"http:\/\/enteculturalsantafesino.com.ar\/usina5\/wp-json\/wp\/v2\/media\/4482"}],"wp:attachment":[{"href":"http:\/\/enteculturalsantafesino.com.ar\/usina5\/wp-json\/wp\/v2\/media?parent=4481"}],"wp:term":[{"taxonomy":"category","embeddable":true,"href":"http:\/\/enteculturalsantafesino.com.ar\/usina5\/wp-json\/wp\/v2\/categories?post=4481"},{"taxonomy":"post_tag","embeddable":true,"href":"http:\/\/enteculturalsantafesino.com.ar\/usina5\/wp-json\/wp\/v2\/tags?post=4481"}],"curies":[{"name":"wp","href":"https:\/\/api.w.org\/{rel}","templated":true}]}}