{"id":4485,"date":"2024-07-04T14:04:39","date_gmt":"2024-07-04T14:04:39","guid":{"rendered":"http:\/\/enteculturalsantafesino.com.ar\/usina5\/?p=4485"},"modified":"2024-07-04T14:04:44","modified_gmt":"2024-07-04T14:04:44","slug":"forma-y-color-se-inauguro-en-hersilia","status":"publish","type":"post","link":"http:\/\/enteculturalsantafesino.com.ar\/usina5\/2024\/07\/forma-y-color-se-inauguro-en-hersilia\/","title":{"rendered":"\u00abForma y Color\u00bb se inaugur\u00f3 en Hersilia"},"content":{"rendered":"\n<p>En el\u00a0<strong>Sal\u00f3n Cooperativa <\/strong>se inaugur\u00f3 el<strong> lunes 1 de julio <\/strong>la muestra itinerante\u00a0<strong>\u00abForma y Color\u00bb, <\/strong>perteneciente a la <strong>Usina Cultural V<\/strong>. Bajo la organizaci\u00f3n de la\u00a0<strong>Comuna de Hersilia\u00a0<\/strong>toda la zona cultural, difundi\u00f3 su arte, creatividad y talento con formas, colores, m\u00fasica y danza.<\/p>\n\n\n\n<p>Esta propuesta tiene como finalidad la promoci\u00f3n de los distintos de artistas pl\u00e1sticos locales y de la<strong>\u00a0Usina V,<\/strong>\u00a0entre los cuales se puede mencionar a las localidades de:<strong>\u00a0San Guillermo, Hersilia, Monigotes y Suardi<\/strong>.<\/p>\n\n\n\n<p>El\u00a0<strong>Director de la Usina V Germ\u00e1n Bertolini\u00a0<\/strong>se\u00f1al\u00f3 que la Usina Cultural V decidi\u00f3 itinerar dicha muestra, con la finalidad de visitar cada una de las comunidades que integran a dicha zona cultural.<\/p>\n\n\n\n<p>Dicho programa posee como finalidad exponer desde el mes de&nbsp;mayo, diversas obras de artistas pl\u00e1sticos, residentes en las distintas Usinas Culturales, mediante \u00abexposiciones\u00bb en espacios coordinados por cada Usina Cultural; formando parte posteriormente (de manera virtual) de la&nbsp;<a href=\"http:\/\/entecultura.com.ar\/formaycolor\/\" target=\"_blank\" rel=\"noreferrer noopener\">Galer\u00eda \u00abGuillermina Milocco\u00bb.<\/a><a href=\"http:\/\/enteculturalsantafesino.com.ar\/formaycolor\/\" target=\"_blank\" rel=\"noreferrer noopener\"><br><br>\u00abForma y Color\u00bb<\/a>&nbsp;naci\u00f3 junto al&nbsp;Ente Cultural Santafesino&nbsp;y fue creciendo en participaci\u00f3n y extensi\u00f3n territorial, posibilitando el encuentro y la inclusi\u00f3n mediante la manifestaciones art\u00edsticas de los diversos exponentes culturales en artes pl\u00e1sticas.<\/p>\n","protected":false},"excerpt":{"rendered":"<p>En el\u00a0Sal\u00f3n Cooperativa se inaugur\u00f3 el lunes 1 de julio la muestra itinerante\u00a0\u00abForma y Color\u00bb, perteneciente a [&hellip;]<\/p>\n","protected":false},"author":3,"featured_media":4486,"comment_status":"open","ping_status":"open","sticky":false,"template":"","format":"standard","meta":{"_jetpack_memberships_contains_paid_content":false,"footnotes":"","jetpack_publicize_message":"","jetpack_publicize_feature_enabled":true,"jetpack_social_post_already_shared":true,"jetpack_social_options":{"image_generator_settings":{"template":"highway","enabled":false}}},"categories":[6,13],"tags":[],"jetpack_publicize_connections":[],"jetpack_featured_media_url":"http:\/\/enteculturalsantafesino.com.ar\/usina5\/wp-content\/uploads\/2024\/07\/WhatsApp-Image-2024-07-02-at-21.23.05.jpeg","jetpack_sharing_enabled":true,"_links":{"self":[{"href":"http:\/\/enteculturalsantafesino.com.ar\/usina5\/wp-json\/wp\/v2\/posts\/4485"}],"collection":[{"href":"http:\/\/enteculturalsantafesino.com.ar\/usina5\/wp-json\/wp\/v2\/posts"}],"about":[{"href":"http:\/\/enteculturalsantafesino.com.ar\/usina5\/wp-json\/wp\/v2\/types\/post"}],"author":[{"embeddable":true,"href":"http:\/\/enteculturalsantafesino.com.ar\/usina5\/wp-json\/wp\/v2\/users\/3"}],"replies":[{"embeddable":true,"href":"http:\/\/enteculturalsantafesino.com.ar\/usina5\/wp-json\/wp\/v2\/comments?post=4485"}],"version-history":[{"count":1,"href":"http:\/\/enteculturalsantafesino.com.ar\/usina5\/wp-json\/wp\/v2\/posts\/4485\/revisions"}],"predecessor-version":[{"id":4487,"href":"http:\/\/enteculturalsantafesino.com.ar\/usina5\/wp-json\/wp\/v2\/posts\/4485\/revisions\/4487"}],"wp:featuredmedia":[{"embeddable":true,"href":"http:\/\/enteculturalsantafesino.com.ar\/usina5\/wp-json\/wp\/v2\/media\/4486"}],"wp:attachment":[{"href":"http:\/\/enteculturalsantafesino.com.ar\/usina5\/wp-json\/wp\/v2\/media?parent=4485"}],"wp:term":[{"taxonomy":"category","embeddable":true,"href":"http:\/\/enteculturalsantafesino.com.ar\/usina5\/wp-json\/wp\/v2\/categories?post=4485"},{"taxonomy":"post_tag","embeddable":true,"href":"http:\/\/enteculturalsantafesino.com.ar\/usina5\/wp-json\/wp\/v2\/tags?post=4485"}],"curies":[{"name":"wp","href":"https:\/\/api.w.org\/{rel}","templated":true}]}}