{"id":4551,"date":"2024-09-28T15:36:29","date_gmt":"2024-09-28T15:36:29","guid":{"rendered":"http:\/\/enteculturalsantafesino.com.ar\/usina5\/?p=4551"},"modified":"2024-09-28T15:36:32","modified_gmt":"2024-09-28T15:36:32","slug":"villa-trinidad-vivio-a-pleno-la-propuesta-de-abanderados","status":"publish","type":"post","link":"http:\/\/enteculturalsantafesino.com.ar\/usina5\/2024\/09\/villa-trinidad-vivio-a-pleno-la-propuesta-de-abanderados\/","title":{"rendered":"Villa Trinidad vivi\u00f3 a pleno la propuesta de \u00abAbanderados\u00bb"},"content":{"rendered":"\n<p>El programa perteneciente al\u00a0<strong>Ente Cultural Santafesino<\/strong>\u00a0contin\u00faa con su recorrido por el territorio santafesino. Banderas de 12 departamentos y m\u00e1s de 30 comunidades, llegaron a la comunidad de\u00a0<strong>Villa Trinidad<\/strong>.<\/p>\n\n\n\n<p>El\u00a0<strong>27 de septiembre<\/strong>\u00a0frente a la\u00a0<strong>Biblioteca Alas <\/strong>se exhiben las banderas de las localidades adheridas al\u00a0<strong>Ente Cultural Santafesino\u00a0<\/strong>y<strong>\u00a0Cordob\u00e9s.<\/strong><\/p>\n\n\n\n<p><em>\u00abEstos colores, formas y dise\u00f1os representan a nuestros pueblos y ciudades\u00bb. \u00abAbanderados contin\u00faa uniendo y alimentando a nuestro esp\u00edritu federal, borrando fronteras y tendiendo puentes entre santafesinos y cordobeses\u00bb<\/em>, remarc\u00f3&nbsp;<strong>Claudia Giaccone<\/strong><\/p>\n\n\n\n<p><em>\u201cEsta propuesta girar\u00e1 en cada una de las comunidades que sumen su bandera y permitir\u00e1 ampliar nuestra agenda cultural en cada rinc\u00f3n santafesino y cordob\u00e9s\u201d&nbsp;<\/em>sostuvo&nbsp;<strong>Claudia Giaccone<\/strong>, quien agradeci\u00f3 a todos los que&nbsp;<em>\u201cintegran este equipo tan federal, que abarca todos los rincones de la provincia, nosotros somos desde hace 16 a\u00f1os una herramienta que hacemos pol\u00edtica cultural desde el interior del interior<\/em>\u00ab<\/p>\n\n\n\n<p><strong>Villa Trinidad disfrut\u00f3 de la camiseta m\u00e1s grande del pa\u00eds<\/strong><\/p>\n\n\n\n<p>La camiseta m\u00e1s grande del pa\u00eds, de 18 metros por 12 y 100 kilos de peso, fue confeccionada por el taller de corte y confecci\u00f3n de la Comuna de Serodino. La misma fue expuesta con una gran convocatoria y participaci\u00f3n por parte de los vecinos.<\/p>\n\n\n\n<p>Dicha confecci\u00f3n sigue formando parte de la agenda de&nbsp;<strong>Abanderados<\/strong>&nbsp;permitiendo que vecinos de la provincia puedan descubrir esta maravillosa propuesta, creada en el pueblo perteneciente al dpto. Iriondo, a trav\u00e9s del aporte de Pio Drovetta.<\/p>\n\n\n\n<h2 class=\"wp-block-heading\"><strong>M\u00e1s de 30 banderas<\/strong><\/h2>\n\n\n\n<p><em>\u00abNuestras banderas representan identidad, pertenencia, libertad y diversidad\u201d coincidieron los exponentes, mientras que \u201cAbanderados nos permitir\u00e1 descubrir banderas de localidades de nuestro norte, centro y sur santafesino, como as\u00ed tambi\u00e9n las del sudeste cordob\u00e9s, contando con una gu\u00eda hist\u00f3rica y la posibilidad de seguir generando y creando nuevas banderas en pueblos y ciudades que a\u00fan no las tengan\u201d<\/em><\/p>\n\n\n\n<p><strong>Las localidades que forman parte de \u00abAbanderados\u00bb son:&nbsp;<\/strong>Suardi, San Guillermo, Villa Trinidad, Arruf\u00f3, Monigotes, Hersilia, Ambrosetti, Ceres, Colonia Ana, Colonia Rosa \u2013 departamento San Crist\u00f3bal-, Ramona, Esperanza \u2013Castellanos-, Felicia \u2013Las Colonias-, Las Parejas \u2013Belgrano-, Mar\u00eda Susana \u2013San Mart\u00edn-, Totoras, Clason, Pueblo Andino \u2013 Iriondo-, P\u00e9rez, Coronel Dom\u00ednguez, Acebal, Arroyo Seco \u2013Rosario-, Arequito, Berabev\u00fa, Los Molinos, Gdeken, \u2013 Caseros-, Santa Isabel, Carmen, Mar\u00eda Teresa, Providencia- Las Colonias-, Coronda \u2013San Jer\u00f3nimo-, Villa Ocampo, Florencia, Guadalupe Norte, Las Toscas \u2013 General Obligado, Marcos Ju\u00e1rez, Cruz Alta e Inriville de C\u00f3rdoba.<\/p>\n","protected":false},"excerpt":{"rendered":"<p>El programa perteneciente al\u00a0Ente Cultural Santafesino\u00a0contin\u00faa con su recorrido por el territorio santafesino. Banderas de 12 departamentos [&hellip;]<\/p>\n","protected":false},"author":3,"featured_media":4552,"comment_status":"open","ping_status":"open","sticky":false,"template":"","format":"standard","meta":{"_jetpack_memberships_contains_paid_content":false,"footnotes":"","jetpack_publicize_message":"","jetpack_publicize_feature_enabled":true,"jetpack_social_post_already_shared":true,"jetpack_social_options":{"image_generator_settings":{"template":"highway","enabled":false}}},"categories":[6,5],"tags":[],"jetpack_publicize_connections":[],"jetpack_featured_media_url":"http:\/\/enteculturalsantafesino.com.ar\/usina5\/wp-content\/uploads\/2024\/09\/WhatsApp-Image-2024-09-28-at-12.35.38.jpeg","jetpack_sharing_enabled":true,"_links":{"self":[{"href":"http:\/\/enteculturalsantafesino.com.ar\/usina5\/wp-json\/wp\/v2\/posts\/4551"}],"collection":[{"href":"http:\/\/enteculturalsantafesino.com.ar\/usina5\/wp-json\/wp\/v2\/posts"}],"about":[{"href":"http:\/\/enteculturalsantafesino.com.ar\/usina5\/wp-json\/wp\/v2\/types\/post"}],"author":[{"embeddable":true,"href":"http:\/\/enteculturalsantafesino.com.ar\/usina5\/wp-json\/wp\/v2\/users\/3"}],"replies":[{"embeddable":true,"href":"http:\/\/enteculturalsantafesino.com.ar\/usina5\/wp-json\/wp\/v2\/comments?post=4551"}],"version-history":[{"count":1,"href":"http:\/\/enteculturalsantafesino.com.ar\/usina5\/wp-json\/wp\/v2\/posts\/4551\/revisions"}],"predecessor-version":[{"id":4553,"href":"http:\/\/enteculturalsantafesino.com.ar\/usina5\/wp-json\/wp\/v2\/posts\/4551\/revisions\/4553"}],"wp:featuredmedia":[{"embeddable":true,"href":"http:\/\/enteculturalsantafesino.com.ar\/usina5\/wp-json\/wp\/v2\/media\/4552"}],"wp:attachment":[{"href":"http:\/\/enteculturalsantafesino.com.ar\/usina5\/wp-json\/wp\/v2\/media?parent=4551"}],"wp:term":[{"taxonomy":"category","embeddable":true,"href":"http:\/\/enteculturalsantafesino.com.ar\/usina5\/wp-json\/wp\/v2\/categories?post=4551"},{"taxonomy":"post_tag","embeddable":true,"href":"http:\/\/enteculturalsantafesino.com.ar\/usina5\/wp-json\/wp\/v2\/tags?post=4551"}],"curies":[{"name":"wp","href":"https:\/\/api.w.org\/{rel}","templated":true}]}}