{"id":4569,"date":"2024-12-28T14:21:18","date_gmt":"2024-12-28T14:21:18","guid":{"rendered":"https:\/\/enteculturalsantafesino.com.ar\/usina5\/?p=4569"},"modified":"2024-12-28T14:21:21","modified_gmt":"2024-12-28T14:21:21","slug":"se-viene-la-21o-edicion-de-la-fiesta-nacional-del-camping-en-san-guillermo","status":"publish","type":"post","link":"http:\/\/enteculturalsantafesino.com.ar\/usina5\/2024\/12\/se-viene-la-21o-edicion-de-la-fiesta-nacional-del-camping-en-san-guillermo\/","title":{"rendered":"Se viene la 21\u00ba edici\u00f3n de la Fiesta Nacional del Camping en San Guillermo"},"content":{"rendered":"\n<p>Como todos los a\u00f1os, el calendario de las fiestas en la regi\u00f3n lo encabeza la Fiesta Nacional del Camping en el Parque Alfonsina Storni. Esta nueva edici\u00f3n se realizar\u00e1 el 4 y 5 de enero del 2025. Cuerpo de bastoneras, danzas municipales, desfile de consagradas y candidatas a Reina Nacional del Camping, presentaci\u00f3n del carnaval adulto mayor y batucada Scola do Samba estar\u00e1n presentes. Adem\u00e1s habr\u00e1 bandas en vivo con Magui Olave, La Guardia Urbana, Las Fulanas, Tom\u00e1 p\u00e1 vos. entre otros espect\u00e1culos, al final hay que sumarle un boliche a cielo abierto y una super pe\u00f1a.<\/p>\n\n\n\n<p>Para informarnos sobre esta tradicional fiesta, entrevistamos a Ana Laura R\u00edos, quien se desempe\u00f1a como encargada de cultura del Municipio de San Guillermo.&nbsp;<\/p>\n\n\n\n<p>S\u00e1bado 4 de enero desde las 20 horas:<\/p>\n\n\n\n<p>Cuerpo de bastoneras, Danzas municipales, Desfile de consagradas y candidatas a Reina Nacional del Camping, Presentaci\u00f3n del Carnaval adulto mayor y Batucada Scola do Samba.<\/p>\n\n\n\n<p>Adem\u00e1s habr\u00e1 Bandas en vivo, con Magui Olave, La Guardia Urbana, Las Fulanas, Tom\u00e1 p\u00e1 vos.<\/p>\n\n\n\n<p>Domingo 5 de enero:<\/p>\n\n\n\n<p>Concurso de acampantes con importantes premios para los m\u00e1s creativos, adem\u00e1s, habr\u00e1 Bandas locales en vivo, entre ellas Sexto sentido, Kunan Pacha, La base chamamecera, Extra\u00f1o poder, Kepianco.<\/p>\n\n\n\n<p>Ser\u00e1 un fin de semana lleno de m\u00fasica, tradici\u00f3n y diversi\u00f3n, con un San Guillermo vestido completamente de fiesta para la Fiesta del Camping 2025, reci\u00e9n iniciado el nuevo a\u00f1o.<\/p>\n\n\n\n<p>Con preparativos para recibir a unas 10.000 personas de zonas cercanas e incluso de otras provincias, San Guillermo tiene como escenario principal a los natatorios y al gran escenario del Parque Comunal.<\/p>\n\n\n\n<p>La Fiesta Nacional y Provincial del Camping 2025 tendr\u00e1 premios y recompensas para el Grupo Acampante m\u00e1s numeroso, tambi\u00e9n para el de Mejor Comportamiento.<\/p>\n\n\n\n<p>Habr\u00e1 premio a la Carpa m\u00e1s grande, a la Carpa M\u00e1s linda, a los que vengan de m\u00e1s lejos, a la Carpa m\u00e1s ordenada, como siempre, sana competencia para divertirse entre todos.<\/p>\n","protected":false},"excerpt":{"rendered":"<p>Como todos los a\u00f1os, el calendario de las fiestas en la regi\u00f3n lo encabeza la Fiesta Nacional [&hellip;]<\/p>\n","protected":false},"author":3,"featured_media":4570,"comment_status":"open","ping_status":"open","sticky":false,"template":"","format":"standard","meta":{"_jetpack_memberships_contains_paid_content":false,"footnotes":"","jetpack_publicize_message":"","jetpack_publicize_feature_enabled":true,"jetpack_social_post_already_shared":true,"jetpack_social_options":{"image_generator_settings":{"template":"highway","enabled":false}}},"categories":[10],"tags":[],"jetpack_publicize_connections":[],"jetpack_featured_media_url":"http:\/\/enteculturalsantafesino.com.ar\/usina5\/wp-content\/uploads\/2024\/12\/san-guillermo-fiesta-nac-del-camping.webp","jetpack_sharing_enabled":true,"_links":{"self":[{"href":"http:\/\/enteculturalsantafesino.com.ar\/usina5\/wp-json\/wp\/v2\/posts\/4569"}],"collection":[{"href":"http:\/\/enteculturalsantafesino.com.ar\/usina5\/wp-json\/wp\/v2\/posts"}],"about":[{"href":"http:\/\/enteculturalsantafesino.com.ar\/usina5\/wp-json\/wp\/v2\/types\/post"}],"author":[{"embeddable":true,"href":"http:\/\/enteculturalsantafesino.com.ar\/usina5\/wp-json\/wp\/v2\/users\/3"}],"replies":[{"embeddable":true,"href":"http:\/\/enteculturalsantafesino.com.ar\/usina5\/wp-json\/wp\/v2\/comments?post=4569"}],"version-history":[{"count":1,"href":"http:\/\/enteculturalsantafesino.com.ar\/usina5\/wp-json\/wp\/v2\/posts\/4569\/revisions"}],"predecessor-version":[{"id":4571,"href":"http:\/\/enteculturalsantafesino.com.ar\/usina5\/wp-json\/wp\/v2\/posts\/4569\/revisions\/4571"}],"wp:featuredmedia":[{"embeddable":true,"href":"http:\/\/enteculturalsantafesino.com.ar\/usina5\/wp-json\/wp\/v2\/media\/4570"}],"wp:attachment":[{"href":"http:\/\/enteculturalsantafesino.com.ar\/usina5\/wp-json\/wp\/v2\/media?parent=4569"}],"wp:term":[{"taxonomy":"category","embeddable":true,"href":"http:\/\/enteculturalsantafesino.com.ar\/usina5\/wp-json\/wp\/v2\/categories?post=4569"},{"taxonomy":"post_tag","embeddable":true,"href":"http:\/\/enteculturalsantafesino.com.ar\/usina5\/wp-json\/wp\/v2\/tags?post=4569"}],"curies":[{"name":"wp","href":"https:\/\/api.w.org\/{rel}","templated":true}]}}