{"id":4578,"date":"2025-01-27T11:28:22","date_gmt":"2025-01-27T11:28:22","guid":{"rendered":"https:\/\/enteculturalsantafesino.com.ar\/usina5\/?p=4578"},"modified":"2025-01-27T11:28:25","modified_gmt":"2025-01-27T11:28:25","slug":"multitudinaria-apertura-de-los-carnavales-suardi-2025","status":"publish","type":"post","link":"http:\/\/enteculturalsantafesino.com.ar\/usina5\/2025\/01\/multitudinaria-apertura-de-los-carnavales-suardi-2025\/","title":{"rendered":"Multitudinaria apertura de los Carnavales \u00abSuardi 2025\u00bb"},"content":{"rendered":"\n<p>La primera noche del evento reuni\u00f3 a una multitud estimada en 10 mil personas. El Bv. San Mart\u00edn estuvo repleto como nunca a partir de una propuesta muy importante como fue el debut de la comparsa Samay Yas\u00ed y el show de la \u00abEuge\u00bb Quevedo con la LBC. Este s\u00e1bado la segunda noche, con la presentaci\u00f3n de Torrente<\/p>\n\n\n\n<p>Suardi vivi\u00f3 una noche \u00fanica en la apertura de los carnavales 2025 con una respuesta multitudinaria a un evento <a><\/a>que es el m\u00e1s importante de la regi\u00f3n.<\/p>\n\n\n\n<p>Desde las 21 hs., comenz\u00f3 el desfile de Samay Yas\u00ed menores y luego el cuerpo principal de la comparsa que luci\u00f3 totalmente renovada con la tem\u00e1tica \u00abEtnias\u00bb. La batucada tambi\u00e9n gener\u00f3 la adhesi\u00f3n de las miles de personas que disfrutaron de una gran presentaci\u00f3n.<\/p>\n\n\n\n<p>En el transcurso de la noche, el Senador Michlig, y los diputados Marcelo Gonz\u00e1lez y Sof\u00eda Masutti, entregaron la declaraci\u00f3n de inter\u00e9s de parte de la Legislatura santafesina a uno de los eventos m\u00e1s destacados del verano en el departamento San Crist\u00f3bal.<\/p>\n\n\n\n<p>Luego fue el turno del gran show de la \u00abEuge\u00bb Quevedo y la LBC, que a lo largo de m\u00e1s de tres horas, hicieron cantar, saltar y bailar a la multitud que los fue a acompa\u00f1ar, ratificando que hoy por hoy est\u00e1n entre los m\u00e1s convocantes del cuarteto cordob\u00e9s.<\/p>\n\n\n\n<p>Este s\u00e1bado, ser\u00e1 la segunda noche, con la presentaci\u00f3n de Samay Yas\u00ed, la participaci\u00f3n de los adultos mayores y el show de Torrente. La entrada general tiene un costo de $4000<\/p>\n\n\n\n<p>V\u00eda: <a href=\"https:\/\/www.facebook.com\/radiobelgranosuardiAM1510?__cft__[0]=AZW-K2OxsIVPcA5GMje4n91tvps9ng1_KayydcfFLY9TxCSKk6AbIj4qQVVGKkV2t5v5VwqsioNOvCevDlETUFoT94jgP3PVa_3tlvbBIaxDBgDTmSF6d2Gr3SEamVUc5lvCTcGLnE-HTPSj3caXSeMIMOJb7tUVnS9Z57e7NbX_Mg&amp;__tn__=-]K-R\">Radio Belgrano Suardi &#8211; AM1510<\/a><\/p>\n","protected":false},"excerpt":{"rendered":"<p>La primera noche del evento reuni\u00f3 a una multitud estimada en 10 mil personas. El Bv. San [&hellip;]<\/p>\n","protected":false},"author":3,"featured_media":4579,"comment_status":"open","ping_status":"open","sticky":false,"template":"","format":"standard","meta":{"_jetpack_memberships_contains_paid_content":false,"footnotes":"","jetpack_publicize_message":"","jetpack_publicize_feature_enabled":true,"jetpack_social_post_already_shared":true,"jetpack_social_options":{"image_generator_settings":{"template":"highway","enabled":false}}},"categories":[2],"tags":[],"jetpack_publicize_connections":[],"jetpack_featured_media_url":"http:\/\/enteculturalsantafesino.com.ar\/usina5\/wp-content\/uploads\/2025\/01\/475114037_3983775215225683_1669668906379638863_n.jpg","jetpack_sharing_enabled":true,"_links":{"self":[{"href":"http:\/\/enteculturalsantafesino.com.ar\/usina5\/wp-json\/wp\/v2\/posts\/4578"}],"collection":[{"href":"http:\/\/enteculturalsantafesino.com.ar\/usina5\/wp-json\/wp\/v2\/posts"}],"about":[{"href":"http:\/\/enteculturalsantafesino.com.ar\/usina5\/wp-json\/wp\/v2\/types\/post"}],"author":[{"embeddable":true,"href":"http:\/\/enteculturalsantafesino.com.ar\/usina5\/wp-json\/wp\/v2\/users\/3"}],"replies":[{"embeddable":true,"href":"http:\/\/enteculturalsantafesino.com.ar\/usina5\/wp-json\/wp\/v2\/comments?post=4578"}],"version-history":[{"count":1,"href":"http:\/\/enteculturalsantafesino.com.ar\/usina5\/wp-json\/wp\/v2\/posts\/4578\/revisions"}],"predecessor-version":[{"id":4580,"href":"http:\/\/enteculturalsantafesino.com.ar\/usina5\/wp-json\/wp\/v2\/posts\/4578\/revisions\/4580"}],"wp:featuredmedia":[{"embeddable":true,"href":"http:\/\/enteculturalsantafesino.com.ar\/usina5\/wp-json\/wp\/v2\/media\/4579"}],"wp:attachment":[{"href":"http:\/\/enteculturalsantafesino.com.ar\/usina5\/wp-json\/wp\/v2\/media?parent=4578"}],"wp:term":[{"taxonomy":"category","embeddable":true,"href":"http:\/\/enteculturalsantafesino.com.ar\/usina5\/wp-json\/wp\/v2\/categories?post=4578"},{"taxonomy":"post_tag","embeddable":true,"href":"http:\/\/enteculturalsantafesino.com.ar\/usina5\/wp-json\/wp\/v2\/tags?post=4578"}],"curies":[{"name":"wp","href":"https:\/\/api.w.org\/{rel}","templated":true}]}}