{"id":582,"date":"2014-08-05T15:31:07","date_gmt":"2014-08-05T15:31:07","guid":{"rendered":"http:\/\/entecultura.com.ar\/usina5\/?p=582"},"modified":"2014-08-05T15:31:07","modified_gmt":"2014-08-05T15:31:07","slug":"comenzaron-los-festejos-del-dia-del-nino-en-suardi","status":"publish","type":"post","link":"http:\/\/enteculturalsantafesino.com.ar\/usina5\/2014\/08\/comenzaron-los-festejos-del-dia-del-nino-en-suardi\/","title":{"rendered":"Comenzaron los festejos del D\u00eda del Ni\u00f1o en Suardi"},"content":{"rendered":"<p>En el marco de los festejos del D\u00eda del Ni\u00f1o organizado por la Comuna de Suardi, el pasado domingo, el Grupo de Aeromodelistas de la localidad realiz\u00f3 una \u00abbarrileteada\u00bb y un mini encuentro de Aeromodelismo en el circuito Comunal \u00abJorge Marengo\u00bb.<\/p>\n<p>A pesar que el d\u00eda se present\u00f3 nublado y con alguna llovizna, la jornada se torn\u00f3 muy\u00a0agradable y se vivi\u00f3 con alegr\u00eda y cordialidad. Se pudo observar a los ni\u00f1os, padres y familiares disfrutar de los barriletes, adem\u00e1s de los vuelos de aviones de los aeromodelistas que llegaron desde San Guillermo, Villa Trinidad, Rafaela y San Francisco.\u00a0<a href=\"http:\/\/enteculturalsantafesino.com.ar\/usina5\/wp-content\/uploads\/2014\/08\/DSC05397.jpg\" rel=\"lightbox[582]\"><img loading=\"lazy\" decoding=\"async\" class=\"alignright wp-image-583 size-medium\" src=\"http:\/\/enteculturalsantafesino.com.ar\/usina5\/wp-content\/uploads\/2014\/08\/DSC05397-300x162.jpg\" alt=\"DSC05397\" width=\"300\" height=\"162\" srcset=\"http:\/\/enteculturalsantafesino.com.ar\/usina5\/wp-content\/uploads\/2014\/08\/DSC05397-300x162.jpg 300w, http:\/\/enteculturalsantafesino.com.ar\/usina5\/wp-content\/uploads\/2014\/08\/DSC05397-1024x555.jpg 1024w, http:\/\/enteculturalsantafesino.com.ar\/usina5\/wp-content\/uploads\/2014\/08\/DSC05397.jpg 1200w\" sizes=\"(max-width: 300px) 100vw, 300px\" \/><\/a><\/p>\n<p>Asimismo, por la tarde, tambi\u00e9n tuvo lugar en el Barrio San Miguel de la localidad, el tradicional festejo organizado por la Casita del Ni\u00f1o Creciendo, C\u00e1ritas, Capilla y Escuela de F\u00fatbol San Miguel.<\/p>\n<p><strong><em>M\u00e1s festejos: domingo 10 de agosto<\/em><\/strong><\/p>\n<p>Organizado por la Secretar\u00eda de Cultura y Educaci\u00f3n, conjuntamente con el \u00c1rea de Acci\u00f3n Social y el Equipo de Salud Escolar de la Comuna de Suardi; la Murga SinCaretas y diversas instituciones locales, el domingo 10 de agosto se desarrollar\u00e1 en Suardi una importante jornada para conmemorar el D\u00eda del Ni\u00f1o.<\/p>\n<p>El evento se propone como un espacio de participaci\u00f3n\u00a0\u00a0donde todos los ni\u00f1os y ni\u00f1as de la localidad tendr\u00e1n la posibilidad de compartir m\u00faltiples y diversas actividades recreativas, art\u00edsticas y culturales en su d\u00eda.<\/p>\n<p>Los chicos nuevamente se adue\u00f1ar\u00e1n de las calles del pueblo. Todas las arterias que rodean a la Plaza San Mart\u00edn estar\u00e1n a disposici\u00f3n para que ellos puedan \u201cjugar\u201d y \u201ccrear\u201d en los m\u00e1s de 12 espacios propuestos por los organizadores.<\/p>\n<p>La jornada comenzar\u00e1 a las 14 hs. A las 15:00 hs. tendr\u00e1 lugar el tradicional chocolate con torta y el cierre estar\u00e1 a cargo de una divertida funci\u00f3n de circo a cargo de la Compa\u00f1\u00eda \u00abLa Parlota\u00bb.<\/p>\n","protected":false},"excerpt":{"rendered":"<p>En el marco de los festejos del D\u00eda del Ni\u00f1o organizado por la Comuna de Suardi, el [&hellip;]<\/p>\n","protected":false},"author":3,"featured_media":583,"comment_status":"open","ping_status":"open","sticky":false,"template":"","format":"standard","meta":{"_jetpack_memberships_contains_paid_content":false,"footnotes":"","jetpack_publicize_message":"","jetpack_publicize_feature_enabled":true,"jetpack_social_post_already_shared":true,"jetpack_social_options":{"image_generator_settings":{"template":"highway","enabled":false}}},"categories":[2],"tags":[],"jetpack_publicize_connections":[],"jetpack_featured_media_url":"http:\/\/enteculturalsantafesino.com.ar\/usina5\/wp-content\/uploads\/2014\/08\/DSC05397.jpg","jetpack_sharing_enabled":true,"_links":{"self":[{"href":"http:\/\/enteculturalsantafesino.com.ar\/usina5\/wp-json\/wp\/v2\/posts\/582"}],"collection":[{"href":"http:\/\/enteculturalsantafesino.com.ar\/usina5\/wp-json\/wp\/v2\/posts"}],"about":[{"href":"http:\/\/enteculturalsantafesino.com.ar\/usina5\/wp-json\/wp\/v2\/types\/post"}],"author":[{"embeddable":true,"href":"http:\/\/enteculturalsantafesino.com.ar\/usina5\/wp-json\/wp\/v2\/users\/3"}],"replies":[{"embeddable":true,"href":"http:\/\/enteculturalsantafesino.com.ar\/usina5\/wp-json\/wp\/v2\/comments?post=582"}],"version-history":[{"count":0,"href":"http:\/\/enteculturalsantafesino.com.ar\/usina5\/wp-json\/wp\/v2\/posts\/582\/revisions"}],"wp:featuredmedia":[{"embeddable":true,"href":"http:\/\/enteculturalsantafesino.com.ar\/usina5\/wp-json\/wp\/v2\/media\/583"}],"wp:attachment":[{"href":"http:\/\/enteculturalsantafesino.com.ar\/usina5\/wp-json\/wp\/v2\/media?parent=582"}],"wp:term":[{"taxonomy":"category","embeddable":true,"href":"http:\/\/enteculturalsantafesino.com.ar\/usina5\/wp-json\/wp\/v2\/categories?post=582"},{"taxonomy":"post_tag","embeddable":true,"href":"http:\/\/enteculturalsantafesino.com.ar\/usina5\/wp-json\/wp\/v2\/tags?post=582"}],"curies":[{"name":"wp","href":"https:\/\/api.w.org\/{rel}","templated":true}]}}