{"id":61,"date":"2014-03-27T14:15:39","date_gmt":"2014-03-27T14:15:39","guid":{"rendered":"http:\/\/entecultura.com.ar\/usina5\/?p=61"},"modified":"2014-03-27T14:15:39","modified_gmt":"2014-03-27T14:15:39","slug":"ceres-se-suma-al-ente-cultural-santafesino","status":"publish","type":"post","link":"http:\/\/enteculturalsantafesino.com.ar\/usina5\/2014\/03\/ceres-se-suma-al-ente-cultural-santafesino\/","title":{"rendered":"Ceres se suma al Ente Cultural Santafesino"},"content":{"rendered":"<p>El <b>Intendente Municipal Camilo\u00a0<\/b><strong>Busquets\u00a0<\/strong>\u00a0y el <strong>Secretario de Gobierno y Cultura Ernesto <a href=\"http:\/\/enteculturalsantafesino.com.ar\/usina5\/wp-content\/uploads\/2014\/03\/1902970_625509137496924_580064307_n.jpg\" rel=\"lightbox[61]\"><img loading=\"lazy\" decoding=\"async\" class=\"size-medium wp-image-62 alignright\" alt=\"1902970_625509137496924_580064307_n\" src=\"http:\/\/enteculturalsantafesino.com.ar\/usina5\/wp-content\/uploads\/2014\/03\/1902970_625509137496924_580064307_n-300x179.jpg\" width=\"300\" height=\"179\" srcset=\"http:\/\/enteculturalsantafesino.com.ar\/usina5\/wp-content\/uploads\/2014\/03\/1902970_625509137496924_580064307_n-300x179.jpg 300w, http:\/\/enteculturalsantafesino.com.ar\/usina5\/wp-content\/uploads\/2014\/03\/1902970_625509137496924_580064307_n.jpg 960w\" sizes=\"(max-width: 300px) 100vw, 300px\" \/><\/a>Paul\u00f3n,<\/strong>\u00a0mediante nota de solicitud\u00a0fundamentan la incorporaci\u00f3n de la\u00a0<strong><em>Municipalidad de Ceres, <\/em><\/strong>a la <strong>Usina<\/strong> <strong>Cultural V<\/strong> perteneciente al <strong><a href=\"http:\/\/www.enteculturalsantafesino.com.ar\">Ente Cultural Santafesino<\/a>,<\/strong>comprometi\u00e9ndose junto al resto de los integrantes de dicho espacio, a cumplir con los quehaceres culturales, imbuidos en el precepto de \u201centramado regional, pluralista y democr\u00e1tico\u201d.<\/p>\n<p>Motivo por lo cual esta Asociaci\u00f3n Cultural ha aceptado la solicitud convirti\u00e9ndose en un nuevo adherente, con la finalidad de generar los espacios de promoci\u00f3n y difusi\u00f3n desde la tarea de \u201cregionalizaci\u00f3n\u201d a trav\u00e9s del desarrollo productivo y cultural de nuestras comunidades santafesinas.<\/p>\n<div>Dicho organismo posibilitar\u00e1 la interacci\u00f3n activa de los distintos organismos culturales de cada comunidad participante, logrando acuerdos y pol\u00edticas que reflejen una mayor y mejor jerarquizaci\u00f3n en las gestiones culturales.<\/div>\n<div><\/div>\n<div>\n<p><b>Ceres\u00a0<\/b>es un municipio del Departamento San Crist\u00f3bal, en la provincia de Santa Fe, Argentina. La ciudad de Ceres esta a 266 km al noroeste de la ciudad capital Santa Fe y contaba con 15.291 habitantes (INDEC, 2010).<\/p>\n<p>La ciudad se ubica a tan solo 10 km aproximadamente del l\u00edmite con la vecina provincia de Santiago del Estero, por lo cual recibe una fuerte influencia cultural, social y comercial, sobre todo con la localidad santiague\u00f1a de Selva, a 18 km de la ciudad.<br \/>\nCeres es atravesada por la important\u00edsima RN 34, por la ruta provincial 17 y por varios caminos y rutas no pavimentadas.<\/p>\n<p>El casco urbano es dividido exactamente en dos partes iguales por el FCA (ex l\u00ednea Mitre), por el cual pasan constantemente trenes mineros, cerealeros y pasajeros, que llevan gran parte de la producci\u00f3n del noroeste argentino hacia el puerto de Rosario.<\/p>\n<\/div>\n","protected":false},"excerpt":{"rendered":"<p>El Intendente Municipal Camilo\u00a0Busquets\u00a0\u00a0y el Secretario de Gobierno y Cultura Ernesto Paul\u00f3n,\u00a0mediante nota de solicitud\u00a0fundamentan la incorporaci\u00f3n [&hellip;]<\/p>\n","protected":false},"author":3,"featured_media":62,"comment_status":"open","ping_status":"open","sticky":false,"template":"","format":"standard","meta":{"_jetpack_memberships_contains_paid_content":false,"footnotes":"","jetpack_publicize_message":"","jetpack_publicize_feature_enabled":true,"jetpack_social_post_already_shared":false,"jetpack_social_options":{"image_generator_settings":{"template":"highway","enabled":false}}},"categories":[7],"tags":[],"jetpack_publicize_connections":[],"jetpack_featured_media_url":"http:\/\/enteculturalsantafesino.com.ar\/usina5\/wp-content\/uploads\/2014\/03\/1902970_625509137496924_580064307_n.jpg","jetpack_sharing_enabled":true,"_links":{"self":[{"href":"http:\/\/enteculturalsantafesino.com.ar\/usina5\/wp-json\/wp\/v2\/posts\/61"}],"collection":[{"href":"http:\/\/enteculturalsantafesino.com.ar\/usina5\/wp-json\/wp\/v2\/posts"}],"about":[{"href":"http:\/\/enteculturalsantafesino.com.ar\/usina5\/wp-json\/wp\/v2\/types\/post"}],"author":[{"embeddable":true,"href":"http:\/\/enteculturalsantafesino.com.ar\/usina5\/wp-json\/wp\/v2\/users\/3"}],"replies":[{"embeddable":true,"href":"http:\/\/enteculturalsantafesino.com.ar\/usina5\/wp-json\/wp\/v2\/comments?post=61"}],"version-history":[{"count":0,"href":"http:\/\/enteculturalsantafesino.com.ar\/usina5\/wp-json\/wp\/v2\/posts\/61\/revisions"}],"wp:featuredmedia":[{"embeddable":true,"href":"http:\/\/enteculturalsantafesino.com.ar\/usina5\/wp-json\/wp\/v2\/media\/62"}],"wp:attachment":[{"href":"http:\/\/enteculturalsantafesino.com.ar\/usina5\/wp-json\/wp\/v2\/media?parent=61"}],"wp:term":[{"taxonomy":"category","embeddable":true,"href":"http:\/\/enteculturalsantafesino.com.ar\/usina5\/wp-json\/wp\/v2\/categories?post=61"},{"taxonomy":"post_tag","embeddable":true,"href":"http:\/\/enteculturalsantafesino.com.ar\/usina5\/wp-json\/wp\/v2\/tags?post=61"}],"curies":[{"name":"wp","href":"https:\/\/api.w.org\/{rel}","templated":true}]}}