{"id":756,"date":"2014-09-15T15:29:39","date_gmt":"2014-09-15T15:29:39","guid":{"rendered":"http:\/\/entecultura.com.ar\/usina5\/?p=756"},"modified":"2014-09-15T15:29:39","modified_gmt":"2014-09-15T15:29:39","slug":"suardi-festejo-con-exito-la-9-fiesta-provincial-de-la-primavera","status":"publish","type":"post","link":"http:\/\/enteculturalsantafesino.com.ar\/usina5\/2014\/09\/suardi-festejo-con-exito-la-9-fiesta-provincial-de-la-primavera\/","title":{"rendered":"SUARDI FESTEJ\u00d3 CON \u00c9XITO LA 9\u00b0 FIESTA PROVINCIAL DE LA PRIMAVERA"},"content":{"rendered":"<p><em>Una vez m\u00e1s, Suardi se convirti\u00f3 en epicentro de cultura gracias a su tradicional Fiesta de la Primavera.<a href=\"http:\/\/enteculturalsantafesino.com.ar\/usina5\/wp-content\/uploads\/2014\/09\/IMG_13281.jpg\" rel=\"lightbox[756]\"><img loading=\"lazy\" decoding=\"async\" class=\"alignright wp-image-761 size-medium\" src=\"http:\/\/enteculturalsantafesino.com.ar\/usina5\/wp-content\/uploads\/2014\/09\/IMG_13281-300x200.jpg\" alt=\"IMG_1328\" width=\"300\" height=\"200\" srcset=\"http:\/\/enteculturalsantafesino.com.ar\/usina5\/wp-content\/uploads\/2014\/09\/IMG_13281-300x200.jpg 300w, http:\/\/enteculturalsantafesino.com.ar\/usina5\/wp-content\/uploads\/2014\/09\/IMG_13281-1024x682.jpg 1024w, http:\/\/enteculturalsantafesino.com.ar\/usina5\/wp-content\/uploads\/2014\/09\/IMG_13281.jpg 1200w\" sizes=\"(max-width: 300px) 100vw, 300px\" \/><\/a><\/em><\/p>\n<p>La novena edici\u00f3n de este importante festejo, se desarroll\u00f3 en el parque comunal \u00abAntonio Cavallo\u00bb, ante la presencia de unas 2000 personas.<\/p>\n<p><strong>Autoridades <\/strong><\/p>\n<p>El Presidente Comunal de Suardi, Hugo Boscarol, estuvo acompa\u00f1ado por los senadores Felipe Michlig y Miguel Lifschitz; el diputado Edgardo Martino y el Sr. Enrique Jarovsky, en representaci\u00f3n de la diputada In\u00e9s Bertero. Adem\u00e1s, estuvieron presentes: el Secretario General de S.I.T.R.A.M. Ceres, Antonio Ruiz; la Jueza Comunitaria, Dra. Mar\u00eda Elena Agostini; el Coordinador del Programa Cultural Interdisciplinario, Roberto Nu\u00f1ez, y los presidentes comunales de: Colonia Bossi (D. Manavella), Dos Rosas y la Legua (H. Franck), Villa Trinidad (M.P. Salari), Palacios (G. Baggini) y de Curupaity (H. L\u00f3pez).<\/p>\n<p>Durante el evento, Boscarol brind\u00f3 unas palabras de agradecimiento al p\u00fablico, as\u00ed como tambi\u00e9n lo hizo Michlig, Lifschitz y Martino.<\/p>\n<p>Asimismo, el senador Michlig entreg\u00f3 una Declaraci\u00f3n de Inter\u00e9s por parte de la C\u00e1mara de Senadores y de una cifra de 40\u00a0 mil pesos que el Ministerio de Producci\u00f3n aport\u00f3 para la realizaci\u00f3n del evento.<\/p>\n<p><strong>Banderazo de las promos<\/strong><\/p>\n<p>Alrededor de las diez de la ma\u00f1ana comenzaron a arribar los primeros j\u00f3venes, para disfrutar del \u00abBanderazo de las promos\u00bb. La propuesta consist\u00eda en sumar puntos durante toda la jornada con el objetivo de llevarse premios en efectivo. Los ganadores fueron las promociones A ($1500) y B ($2000) de 6to. a\u00f1o del Colegio Cristo Rey de Morteros y la promoci\u00f3n de 5to. a\u00f1o del Instituto J.M. Estrada de Suardi ($4500).<\/p>\n<p><strong>Espect\u00e1culos art\u00edsticos y numerosos entretenimientos<\/strong><\/p>\n<p>La jornada cont\u00f3 con la presentaci\u00f3n del grupo La Gozadera de Suardi y Tranka Style, de la Ciudad de C\u00f3rdoba. Mientras tanto, la animaci\u00f3n estuvo a cargo de Diego Ricciardi y de los boliches New Live y Chester.<\/p>\n<p>Asimismo, la empresa Flecha Bus se hizo presente con sus promotores y regal\u00f3 cuatro viajes a Bariloche.<\/p>\n<p>La fiesta cont\u00f3 tambi\u00e9n con artesanos, juegos para ni\u00f1os, entre otros entretenimientos.<\/p>\n<p><strong>Reina Provincial de la Primavera 2014<\/strong><\/p>\n<p>La 9\u00ba Fiesta Provincial de la Primavera tiene nueva Reina. Se trata de Carolina Presser, representante de la Comuna de Constanza. La joven result\u00f3 electa dentro de 18 postulantes que se presentaron en esta edici\u00f3n para ocupar el trono de Pierina Caravario.<\/p>\n<p>Como Primera Princesa result\u00f3 Ail\u00e9n Gatti, representante de la Sociedad Rural de San Crist\u00f3bal, y como Segunda Princesa fue elegida Matilde Caso Borgogno quien se encontraba representando a la Comuna de Suardi.<\/p>\n<p><strong>Cierre a pleno con \u00abCoty\u00bb<\/strong><\/p>\n<p>El artista de cumbia m\u00e1s reconocido de la provincia de Santa Fe, fue recibido en Suardi por un p\u00fablico excelentemente predispuesto y alegre, que supo disfrutar de toda su carisma sobre el escenario.<\/p>\n<p>&nbsp;<\/p>\n<p><strong>Agradecimientos<\/strong><\/p>\n<p>La Comuna de Suardi agradece a todas las personas que colaboraron con la organizaci\u00f3n, a los cientos de j\u00f3venes y familias que se acercaron al parque y a las postulantes por apoyar a esta gran fiesta popular que contin\u00faa progresando a\u00f1o tras a\u00f1o.<\/p>\n<p>&nbsp;<\/p>\n","protected":false},"excerpt":{"rendered":"<p>Una vez m\u00e1s, Suardi se convirti\u00f3 en epicentro de cultura gracias a su tradicional Fiesta de la [&hellip;]<\/p>\n","protected":false},"author":3,"featured_media":761,"comment_status":"open","ping_status":"open","sticky":false,"template":"","format":"standard","meta":{"_jetpack_memberships_contains_paid_content":false,"footnotes":"","jetpack_publicize_message":"","jetpack_publicize_feature_enabled":true,"jetpack_social_post_already_shared":true,"jetpack_social_options":{"image_generator_settings":{"template":"highway","enabled":false}}},"categories":[2],"tags":[],"jetpack_publicize_connections":[],"jetpack_featured_media_url":"http:\/\/enteculturalsantafesino.com.ar\/usina5\/wp-content\/uploads\/2014\/09\/IMG_13281.jpg","jetpack_sharing_enabled":true,"_links":{"self":[{"href":"http:\/\/enteculturalsantafesino.com.ar\/usina5\/wp-json\/wp\/v2\/posts\/756"}],"collection":[{"href":"http:\/\/enteculturalsantafesino.com.ar\/usina5\/wp-json\/wp\/v2\/posts"}],"about":[{"href":"http:\/\/enteculturalsantafesino.com.ar\/usina5\/wp-json\/wp\/v2\/types\/post"}],"author":[{"embeddable":true,"href":"http:\/\/enteculturalsantafesino.com.ar\/usina5\/wp-json\/wp\/v2\/users\/3"}],"replies":[{"embeddable":true,"href":"http:\/\/enteculturalsantafesino.com.ar\/usina5\/wp-json\/wp\/v2\/comments?post=756"}],"version-history":[{"count":0,"href":"http:\/\/enteculturalsantafesino.com.ar\/usina5\/wp-json\/wp\/v2\/posts\/756\/revisions"}],"wp:featuredmedia":[{"embeddable":true,"href":"http:\/\/enteculturalsantafesino.com.ar\/usina5\/wp-json\/wp\/v2\/media\/761"}],"wp:attachment":[{"href":"http:\/\/enteculturalsantafesino.com.ar\/usina5\/wp-json\/wp\/v2\/media?parent=756"}],"wp:term":[{"taxonomy":"category","embeddable":true,"href":"http:\/\/enteculturalsantafesino.com.ar\/usina5\/wp-json\/wp\/v2\/categories?post=756"},{"taxonomy":"post_tag","embeddable":true,"href":"http:\/\/enteculturalsantafesino.com.ar\/usina5\/wp-json\/wp\/v2\/tags?post=756"}],"curies":[{"name":"wp","href":"https:\/\/api.w.org\/{rel}","templated":true}]}}