{"id":1270,"date":"2018-07-31T12:20:03","date_gmt":"2018-07-31T12:20:03","guid":{"rendered":"http:\/\/enteculturalsantafesino.com.ar\/usina6\/?p=1270"},"modified":"2018-07-31T12:21:05","modified_gmt":"2018-07-31T12:21:05","slug":"cafruneando-se-presentara-en-la-ciudad-de-tostado-el-proximo-sabado-4","status":"publish","type":"post","link":"http:\/\/enteculturalsantafesino.com.ar\/usina6\/2018\/07\/cafruneando-se-presentara-en-la-ciudad-de-tostado-el-proximo-sabado-4\/","title":{"rendered":"\u201cCafruneando\u201d se presentar\u00e1 en la ciudad de Tostado el pr\u00f3ximo s\u00e1bado 4"},"content":{"rendered":"<p>Despu\u00e9s de su postergaci\u00f3n, la producci\u00f3n del artista junto al municipio de<strong> Tostado<\/strong> coordinaron desarrollar dicha actuaci\u00f3n el pr\u00f3ximo <strong>s\u00e1bado 4 de agosto<\/strong> a partir de las <strong>20:30hs<\/strong> en el <strong>Sal\u00f3n del C.A.T.<\/strong><\/p>\n<p>Celebrando los\u00a0<strong>10\u00b0 a\u00f1os del Ente Cultural Santafesino<\/strong>\u00a0y a trav\u00e9s del auspicio de la\u00a0<strong>Diputada Provincial Claudia Giaccone<\/strong>, durante los meses de mayo, junio, julio y agosto la artista\u00a0<strong>Yamila Cafrune<\/strong>\u00a0recorrer\u00e1 desde norte a sur nuestra provincia junto a su obra\u00a0<strong>\u201cCafruneando\u201d<\/strong>.<\/p>\n<p>Conmemorando los 80 a\u00f1os de\u200bl natalicio de\u200b don Jorge Cafrune \u200b, ocurrido un 8 de agosto de 1937\u200b, \u200bYamila Cafrune cre\u00f3\u00a0 \u201cCafruneando\u201d, \u200bespect\u00e1culo \u200bdonde sola con la guitarra o excepcionalmente acompa\u00f1ada por un guitarrista, recorre gran parte del repertorio musical de su padre y proyecta im\u00e1genes in\u00e9ditas del archivo familiar recientemente digitalizados\u200b.<\/p>\n<p>\u200b\u200bEl espect\u00e1culo\u00a0 logra siempre un clima \u00edntimo, evocativo y emotivo de la vida y obra del recordado CANTOR DEL PUEBLO\u200b, artista inolvidable del cual el \u200bpasado \u200bmartes 1\u00b0 de febrero de 2018 se cumplieron 40 a\u00f1os de su paso a la inmortalidad.<\/p>\n<p>\u200bA fines del mes de julio de 21017 Yamila realiz\u00f3 \u200buna gira junto a\u00a0Osvaldo Burucu\u00e1\u00a0(guitarra) por Jujuy (lanzamiento del Cafruneando en el Centro Cultural H\u00e9ctor Tiz\u00f3n), Salta (Invitada en las celebraciones de los 47 a\u00f1os del\u00a0Ballet Salta\u00a0en el Teatro Provincial de Salta) y Tucum\u00e1n (Cafruneando en \u201cLa Negra, espacio cultural\u201d)\u00a0\u200b donde puso a rodar el Cafruneando.<\/p>\n<p><strong>Cafruneando por Santa Fe:<\/strong><\/p>\n<p><em><strong>\u2013 4 de agosto: Tostado<\/strong><\/em><\/p>\n<p><em><strong>\u2013 5 de agosto: Florencia<\/strong><\/em><\/p>\n","protected":false},"excerpt":{"rendered":"<p>Despu\u00e9s de su postergaci\u00f3n, la producci\u00f3n del artista junto al municipio de Tostado coordinaron desarrollar dicha actuaci\u00f3n [&hellip;]<\/p>\n","protected":false},"author":2,"featured_media":1271,"comment_status":"open","ping_status":"open","sticky":false,"template":"","format":"standard","meta":{"spay_email":"","footnotes":"","jetpack_publicize_message":""},"categories":[4,2],"tags":[],"jetpack_featured_media_url":"http:\/\/enteculturalsantafesino.com.ar\/usina6\/wp-content\/uploads\/2018\/07\/38068044_635405530178923_1091962475428970496_n.jpg","jetpack_publicize_connections":[],"jetpack_sharing_enabled":true,"_links":{"self":[{"href":"http:\/\/enteculturalsantafesino.com.ar\/usina6\/wp-json\/wp\/v2\/posts\/1270"}],"collection":[{"href":"http:\/\/enteculturalsantafesino.com.ar\/usina6\/wp-json\/wp\/v2\/posts"}],"about":[{"href":"http:\/\/enteculturalsantafesino.com.ar\/usina6\/wp-json\/wp\/v2\/types\/post"}],"author":[{"embeddable":true,"href":"http:\/\/enteculturalsantafesino.com.ar\/usina6\/wp-json\/wp\/v2\/users\/2"}],"replies":[{"embeddable":true,"href":"http:\/\/enteculturalsantafesino.com.ar\/usina6\/wp-json\/wp\/v2\/comments?post=1270"}],"version-history":[{"count":2,"href":"http:\/\/enteculturalsantafesino.com.ar\/usina6\/wp-json\/wp\/v2\/posts\/1270\/revisions"}],"predecessor-version":[{"id":1273,"href":"http:\/\/enteculturalsantafesino.com.ar\/usina6\/wp-json\/wp\/v2\/posts\/1270\/revisions\/1273"}],"wp:featuredmedia":[{"embeddable":true,"href":"http:\/\/enteculturalsantafesino.com.ar\/usina6\/wp-json\/wp\/v2\/media\/1271"}],"wp:attachment":[{"href":"http:\/\/enteculturalsantafesino.com.ar\/usina6\/wp-json\/wp\/v2\/media?parent=1270"}],"wp:term":[{"taxonomy":"category","embeddable":true,"href":"http:\/\/enteculturalsantafesino.com.ar\/usina6\/wp-json\/wp\/v2\/categories?post=1270"},{"taxonomy":"post_tag","embeddable":true,"href":"http:\/\/enteculturalsantafesino.com.ar\/usina6\/wp-json\/wp\/v2\/tags?post=1270"}],"curies":[{"name":"wp","href":"https:\/\/api.w.org\/{rel}","templated":true}]}}