{"id":133,"date":"2014-05-15T16:39:45","date_gmt":"2014-05-15T16:39:45","guid":{"rendered":"http:\/\/entecultura.com.ar\/usina6\/?p=133"},"modified":"2014-05-16T14:14:15","modified_gmt":"2014-05-16T14:14:15","slug":"en-logrono-se-reunio-la-usina-cultural-vi","status":"publish","type":"post","link":"http:\/\/enteculturalsantafesino.com.ar\/usina6\/2014\/05\/en-logrono-se-reunio-la-usina-cultural-vi\/","title":{"rendered":"En Logro\u00f1o se reuni\u00f3 la Usina Cultural VI"},"content":{"rendered":"<p style=\"color: #666666;\">En la ma\u00f1ana del<strong> jueves 15<\/strong> en las instalaciones del <strong>SUM Comunal<\/strong> de la comunidad de <strong>Logro\u00f1o<\/strong> (Depto 9 de <a href=\"http:\/\/enteculturalsantafesino.com.ar\/usina6\/wp-content\/uploads\/2014\/05\/reunion-usina-5-en-logro\u00f1o-005.jpg\"><img loading=\"lazy\" decoding=\"async\" class=\"alignright size-medium wp-image-134\" src=\"http:\/\/enteculturalsantafesino.com.ar\/usina6\/wp-content\/uploads\/2014\/05\/reunion-usina-5-en-logro\u00f1o-005-300x225.jpg\" alt=\"reunion usina 5 en logro\u00f1o 005\" width=\"300\" height=\"225\" srcset=\"http:\/\/enteculturalsantafesino.com.ar\/usina6\/wp-content\/uploads\/2014\/05\/reunion-usina-5-en-logro\u00f1o-005-300x225.jpg 300w, http:\/\/enteculturalsantafesino.com.ar\/usina6\/wp-content\/uploads\/2014\/05\/reunion-usina-5-en-logro\u00f1o-005-1024x768.jpg 1024w, http:\/\/enteculturalsantafesino.com.ar\/usina6\/wp-content\/uploads\/2014\/05\/reunion-usina-5-en-logro\u00f1o-005.jpg 1200w\" sizes=\"(max-width: 300px) 100vw, 300px\" \/><\/a>julio)\u00a0se reunieron los distintos referentes\u00a0culturales de las localidades integrantes de la\u00a0<strong style=\"font-weight: bold; font-style: inherit;\">Usina VI<\/strong>\u00a0del\u00a0<a style=\"font-weight: inherit; font-style: inherit; color: #185800;\" href=\"http:\/\/www.enteculturalsantafesino.com.ar\/\">Ente Cultural Santafesino.<\/a><\/p>\n<p style=\"color: #666666;\"><span style=\"font-weight: inherit; font-style: inherit; color: #666666;\">Estuvieron presentes: <em>El Presidente Comunal Carlos Dutto junto a l<\/em><\/span><em><span style=\"font-weight: inherit; color: #666666;\">as responsables del \u00c1rea de Cultura local Mar\u00eda Claudia G\u00f3mez y Silvina Franich;, el Prof, Mario Ramos Rudat- Secretario de Cultura y Deportes de Municipalidad de Tostado y el Coordinador del Ente Cultural Prof. Fernando Banegas<\/span><\/em><\/p>\n<p style=\"color: #666666;\"><span style=\"font-weight: inherit; font-style: inherit; color: #666666;\"><i>Carlos Dutto <\/i>agradeci\u00f3 la presencia y dando la bienvenida a su comunidad, augurando los deseos de una excelente jornada de trabajo dentro de la Usina VI.<i>\u00a0<\/i><\/span><\/p>\n<p style=\"color: #666666;\">A continuaci\u00f3n se expusieron las diversas propuestas integrales para el a\u00f1o en curso por parte del\u00a0<em style=\"font-weight: inherit; font-style: italic;\">Coordinador del Ente Prof. Fernando Banegas<\/em>\u00a0para dar lugar al an\u00e1lisis individual de cada una de ellas. Es as\u00ed que se ensamblaron los programas con las fechas respectivas para cada localidad, quedando de esa forma conformado un diagrama casi definitivo del quehacer art\u00edstico \u2013cultural de todas las actividades que propone el Ente. Esta tarea podr\u00e1 ser consultada y seguida diariamente desde la p\u00e1gina oficial:\u00a0<a style=\"font-weight: inherit; font-style: inherit; color: #f20b1c;\" href=\"http:\/\/%20www.enteculturalsantafesino.com.ar\/\">www.enteculturalsantafesino.com.ar<\/a>\u00a0, lo que permitir\u00e1 estar al tanto de las modificaciones posibles.<\/p>\n<p style=\"color: #666666;\">Una vez m\u00e1s ha quedado demostrado que la suma de voluntades provenientes de variadas visiones socioculturales\u00a0generan propuestas de alto nivel\u00a0 que se proyectan a toda la regi\u00f3n.<\/p>\n<p style=\"color: #666666;\">Los integrantes de la<strong style=\"font-weight: bold; font-style: inherit;\">\u00a0Usina VI<\/strong>\u00a0definieron que el pr\u00f3ximo encuentro mensual se dessarrollar\u00e1 \u00a0junto a la presentaci\u00f3n del <strong>Programa Forma y Color 2014<\/strong> durante el s\u00e1bado 28 de junio<strong style=\"font-weight: bold; font-style: inherit;\">.<\/strong><\/p>\n<p style=\"color: #666666;\">La comunidades que conforman esta Usina Cultural son:\u00a0<span style=\"color: #cc3300;\">Tostado,\u00a0<\/span><span style=\"color: #cc3300;\">Pozo Borrado,\u00a0<\/span><span style=\"color: #cc3300;\">Gato Colorado,\u00a0<\/span><span style=\"color: #cc3300;\">Logro\u00f1o,\u00a0<\/span><span style=\"color: #cc3300;\">Santa Margarita,<\/span><span style=\"color: #cc3300;\">Villa Minetti,\u00a0<\/span><span style=\"color: #cc3300;\">Esteban Rams,\u00a0<\/span><span style=\"color: #cc3300;\">Gregoria P\u00e9rez de Denis,\u00a0<\/span><span style=\"color: #cc3300;\">San Bernardo<\/span><\/p>\n","protected":false},"excerpt":{"rendered":"<p>En la ma\u00f1ana del jueves 15 en las instalaciones del SUM Comunal de la comunidad de Logro\u00f1o [&hellip;]<\/p>\n","protected":false},"author":2,"featured_media":134,"comment_status":"open","ping_status":"open","sticky":false,"template":"","format":"standard","meta":{"spay_email":"","footnotes":"","jetpack_publicize_message":""},"categories":[5],"tags":[],"jetpack_featured_media_url":"http:\/\/enteculturalsantafesino.com.ar\/usina6\/wp-content\/uploads\/2014\/05\/reunion-usina-5-en-logro\u00f1o-005.jpg","jetpack_publicize_connections":[],"jetpack_sharing_enabled":true,"_links":{"self":[{"href":"http:\/\/enteculturalsantafesino.com.ar\/usina6\/wp-json\/wp\/v2\/posts\/133"}],"collection":[{"href":"http:\/\/enteculturalsantafesino.com.ar\/usina6\/wp-json\/wp\/v2\/posts"}],"about":[{"href":"http:\/\/enteculturalsantafesino.com.ar\/usina6\/wp-json\/wp\/v2\/types\/post"}],"author":[{"embeddable":true,"href":"http:\/\/enteculturalsantafesino.com.ar\/usina6\/wp-json\/wp\/v2\/users\/2"}],"replies":[{"embeddable":true,"href":"http:\/\/enteculturalsantafesino.com.ar\/usina6\/wp-json\/wp\/v2\/comments?post=133"}],"version-history":[{"count":0,"href":"http:\/\/enteculturalsantafesino.com.ar\/usina6\/wp-json\/wp\/v2\/posts\/133\/revisions"}],"wp:featuredmedia":[{"embeddable":true,"href":"http:\/\/enteculturalsantafesino.com.ar\/usina6\/wp-json\/wp\/v2\/media\/134"}],"wp:attachment":[{"href":"http:\/\/enteculturalsantafesino.com.ar\/usina6\/wp-json\/wp\/v2\/media?parent=133"}],"wp:term":[{"taxonomy":"category","embeddable":true,"href":"http:\/\/enteculturalsantafesino.com.ar\/usina6\/wp-json\/wp\/v2\/categories?post=133"},{"taxonomy":"post_tag","embeddable":true,"href":"http:\/\/enteculturalsantafesino.com.ar\/usina6\/wp-json\/wp\/v2\/tags?post=133"}],"curies":[{"name":"wp","href":"https:\/\/api.w.org\/{rel}","templated":true}]}}