{"id":1372,"date":"2019-08-13T09:23:38","date_gmt":"2019-08-13T09:23:38","guid":{"rendered":"http:\/\/enteculturalsantafesino.com.ar\/usina6\/?p=1372"},"modified":"2019-08-13T09:23:44","modified_gmt":"2019-08-13T09:23:44","slug":"el-torneo-provincial-de-bolitas-se-jugo-en-tostado","status":"publish","type":"post","link":"http:\/\/enteculturalsantafesino.com.ar\/usina6\/2019\/08\/el-torneo-provincial-de-bolitas-se-jugo-en-tostado\/","title":{"rendered":"El \u00abTorneo Provincial de Bolitas\u00bb se jug\u00f3 en Tostado"},"content":{"rendered":"\n<div class=\"wp-block-jetpack-slideshow aligncenter\" data-effect=\"slide\"><div class=\"wp-block-jetpack-slideshow_container swiper-container\"><ul class=\"wp-block-jetpack-slideshow_swiper-wrapper swiper-wrapper\"><li class=\"wp-block-jetpack-slideshow_slide swiper-slide\"><figure><img loading=\"lazy\" decoding=\"async\" width=\"960\" height=\"639\" alt=\"\" class=\"wp-block-jetpack-slideshow_image wp-image-1377\" data-id=\"1377\" src=\"http:\/\/enteculturalsantafesino.com.ar\/usina6\/wp-content\/uploads\/2019\/08\/67802515_2509523355944537_7414520373728772096_n-1.jpg\" srcset=\"http:\/\/enteculturalsantafesino.com.ar\/usina6\/wp-content\/uploads\/2019\/08\/67802515_2509523355944537_7414520373728772096_n-1.jpg 960w, http:\/\/enteculturalsantafesino.com.ar\/usina6\/wp-content\/uploads\/2019\/08\/67802515_2509523355944537_7414520373728772096_n-1-300x200.jpg 300w, http:\/\/enteculturalsantafesino.com.ar\/usina6\/wp-content\/uploads\/2019\/08\/67802515_2509523355944537_7414520373728772096_n-1-768x511.jpg 768w, http:\/\/enteculturalsantafesino.com.ar\/usina6\/wp-content\/uploads\/2019\/08\/67802515_2509523355944537_7414520373728772096_n-1-589x392.jpg 589w\" sizes=\"(max-width: 960px) 100vw, 960px\" \/><\/figure><\/li><li class=\"wp-block-jetpack-slideshow_slide swiper-slide\"><figure><img loading=\"lazy\" decoding=\"async\" width=\"960\" height=\"639\" alt=\"\" class=\"wp-block-jetpack-slideshow_image wp-image-1378\" data-id=\"1378\" src=\"http:\/\/enteculturalsantafesino.com.ar\/usina6\/wp-content\/uploads\/2019\/08\/67978450_2509523775944495_4238490851174514688_n-1.jpg\" srcset=\"http:\/\/enteculturalsantafesino.com.ar\/usina6\/wp-content\/uploads\/2019\/08\/67978450_2509523775944495_4238490851174514688_n-1.jpg 960w, http:\/\/enteculturalsantafesino.com.ar\/usina6\/wp-content\/uploads\/2019\/08\/67978450_2509523775944495_4238490851174514688_n-1-300x200.jpg 300w, http:\/\/enteculturalsantafesino.com.ar\/usina6\/wp-content\/uploads\/2019\/08\/67978450_2509523775944495_4238490851174514688_n-1-768x511.jpg 768w, http:\/\/enteculturalsantafesino.com.ar\/usina6\/wp-content\/uploads\/2019\/08\/67978450_2509523775944495_4238490851174514688_n-1-589x392.jpg 589w\" sizes=\"(max-width: 960px) 100vw, 960px\" \/><\/figure><\/li><li class=\"wp-block-jetpack-slideshow_slide swiper-slide\"><figure><img loading=\"lazy\" decoding=\"async\" width=\"960\" height=\"639\" alt=\"\" class=\"wp-block-jetpack-slideshow_image wp-image-1379\" data-id=\"1379\" src=\"http:\/\/enteculturalsantafesino.com.ar\/usina6\/wp-content\/uploads\/2019\/08\/68501002_2509523712611168_1361754715892744192_n-1.jpg\" srcset=\"http:\/\/enteculturalsantafesino.com.ar\/usina6\/wp-content\/uploads\/2019\/08\/68501002_2509523712611168_1361754715892744192_n-1.jpg 960w, http:\/\/enteculturalsantafesino.com.ar\/usina6\/wp-content\/uploads\/2019\/08\/68501002_2509523712611168_1361754715892744192_n-1-300x200.jpg 300w, http:\/\/enteculturalsantafesino.com.ar\/usina6\/wp-content\/uploads\/2019\/08\/68501002_2509523712611168_1361754715892744192_n-1-768x511.jpg 768w, http:\/\/enteculturalsantafesino.com.ar\/usina6\/wp-content\/uploads\/2019\/08\/68501002_2509523712611168_1361754715892744192_n-1-589x392.jpg 589w\" sizes=\"(max-width: 960px) 100vw, 960px\" \/><\/figure><\/li><li class=\"wp-block-jetpack-slideshow_slide swiper-slide\"><figure><img loading=\"lazy\" decoding=\"async\" width=\"694\" height=\"960\" alt=\"\" class=\"wp-block-jetpack-slideshow_image wp-image-1380\" data-id=\"1380\" src=\"http:\/\/enteculturalsantafesino.com.ar\/usina6\/wp-content\/uploads\/2019\/08\/68620438_2509523199277886_8268591319371218944_n-1.jpg\" srcset=\"http:\/\/enteculturalsantafesino.com.ar\/usina6\/wp-content\/uploads\/2019\/08\/68620438_2509523199277886_8268591319371218944_n-1.jpg 694w, http:\/\/enteculturalsantafesino.com.ar\/usina6\/wp-content\/uploads\/2019\/08\/68620438_2509523199277886_8268591319371218944_n-1-217x300.jpg 217w\" sizes=\"(max-width: 694px) 100vw, 694px\" \/><\/figure><\/li><\/ul><a class=\"wp-block-jetpack-slideshow_button-prev swiper-button-prev swiper-button-white\" role=\"button\"><\/a><a class=\"wp-block-jetpack-slideshow_button-next swiper-button-next swiper-button-white\" role=\"button\"><\/a><a aria-label=\"Pause Slideshow\" class=\"wp-block-jetpack-slideshow_button-pause\" role=\"button\"><\/a><div class=\"wp-block-jetpack-slideshow_pagination swiper-pagination swiper-pagination-white\"><\/div><\/div><\/div>\n\n\n\n<p>Durante la tarde del\u00a0<strong>domingo 11<\/strong>\u00a0en el Predio del Museo Regional<strong>\u00a0<\/strong>se desarroll\u00f3 la instancia local del\u00a0<strong>\u201c3\u00b0 Torneo Provincial de Bolitas\u201d- Copa \u00abCristaler\u00eda San Carlos\u00bb<\/strong>.<\/p>\n\n\n\n<p>La\u00a0<strong>Municipalidad de Tostado<\/strong>\u00a0junto al\u00a0<strong>Ente Cultural Santafesino<\/strong>\u00a0y la<strong>\u00a0Diputada Provincial Claudia Giaccone<\/strong>, organizan y auspician el<strong>\u00a0\u201cTercer Campeonato Provincial de Bolitas\u201d,\u00a0<\/strong>repitiendo la exitosa experiencia de los a\u00f1os anteriores y recogiendo esta actividad l\u00fadica\u00a0la cual se\u00a0extiende en m\u00e1s de cien comunidades, buscando difundir no solo este juego tradicional, sino tambi\u00e9n la producci\u00f3n y la cultura del trabajo.<\/p>\n\n\n\n<p>El certamen cuenta con competencias locales, luego regionales y la gran final que ser\u00e1 en la ciudad de San Jorge (en septiembre) posibilitando que los participantes recorran la primera f\u00e1brica argentina de Bolitas de Cristal.<\/p>\n\n\n\n<p>En el caso de la cabecera del depto 9 de julio se desarrollar\u00e1n m\u00faltiples torneos locales diagramados en distintos puntos de la ciudad, buscando a los ganadores finales para participar de la etapa regional y final a llevarse a cabo el 29 de septiembre en la ciudad de San Jorge<\/p>\n","protected":false},"excerpt":{"rendered":"<p>Durante la tarde del\u00a0domingo 11\u00a0en el Predio del Museo Regional\u00a0se desarroll\u00f3 la instancia local del\u00a0\u201c3\u00b0 Torneo Provincial [&hellip;]<\/p>\n","protected":false},"author":2,"featured_media":1376,"comment_status":"open","ping_status":"open","sticky":false,"template":"","format":"standard","meta":{"spay_email":"","footnotes":"","jetpack_publicize_message":""},"categories":[4,2],"tags":[],"jetpack_featured_media_url":"http:\/\/enteculturalsantafesino.com.ar\/usina6\/wp-content\/uploads\/2019\/08\/68620438_2509523199277886_8268591319371218944_n.jpg","jetpack_publicize_connections":[],"jetpack_sharing_enabled":true,"_links":{"self":[{"href":"http:\/\/enteculturalsantafesino.com.ar\/usina6\/wp-json\/wp\/v2\/posts\/1372"}],"collection":[{"href":"http:\/\/enteculturalsantafesino.com.ar\/usina6\/wp-json\/wp\/v2\/posts"}],"about":[{"href":"http:\/\/enteculturalsantafesino.com.ar\/usina6\/wp-json\/wp\/v2\/types\/post"}],"author":[{"embeddable":true,"href":"http:\/\/enteculturalsantafesino.com.ar\/usina6\/wp-json\/wp\/v2\/users\/2"}],"replies":[{"embeddable":true,"href":"http:\/\/enteculturalsantafesino.com.ar\/usina6\/wp-json\/wp\/v2\/comments?post=1372"}],"version-history":[{"count":1,"href":"http:\/\/enteculturalsantafesino.com.ar\/usina6\/wp-json\/wp\/v2\/posts\/1372\/revisions"}],"predecessor-version":[{"id":1381,"href":"http:\/\/enteculturalsantafesino.com.ar\/usina6\/wp-json\/wp\/v2\/posts\/1372\/revisions\/1381"}],"wp:featuredmedia":[{"embeddable":true,"href":"http:\/\/enteculturalsantafesino.com.ar\/usina6\/wp-json\/wp\/v2\/media\/1376"}],"wp:attachment":[{"href":"http:\/\/enteculturalsantafesino.com.ar\/usina6\/wp-json\/wp\/v2\/media?parent=1372"}],"wp:term":[{"taxonomy":"category","embeddable":true,"href":"http:\/\/enteculturalsantafesino.com.ar\/usina6\/wp-json\/wp\/v2\/categories?post=1372"},{"taxonomy":"post_tag","embeddable":true,"href":"http:\/\/enteculturalsantafesino.com.ar\/usina6\/wp-json\/wp\/v2\/tags?post=1372"}],"curies":[{"name":"wp","href":"https:\/\/api.w.org\/{rel}","templated":true}]}}