{"id":1455,"date":"2021-03-14T08:52:33","date_gmt":"2021-03-14T08:52:33","guid":{"rendered":"http:\/\/enteculturalsantafesino.com.ar\/usina6\/?p=1455"},"modified":"2021-03-14T09:13:12","modified_gmt":"2021-03-14T09:13:12","slug":"los-mandalas-santafesinos-visitan-villa-minetti","status":"publish","type":"post","link":"http:\/\/enteculturalsantafesino.com.ar\/usina6\/2021\/03\/los-mandalas-santafesinos-visitan-villa-minetti\/","title":{"rendered":"Los \u00abMandalas Santafesinos\u00bb visitan Villa Minetti"},"content":{"rendered":"\n<p>La <strong>Muestra itinerante de \u201cMandalas Santafesino<\/strong>s <strong>y Cordobeses\u201c<\/strong> sigue su recorrido por el norte de nuestra provincia.<\/p>\n\n\n\n<p>El \u00faltimo fin de semana visit\u00f3 la comunidad de <strong>Villa Minetti<\/strong> siendo expuesta en la <strong>Plaza San Mart\u00edn <\/strong>con la participaci\u00f3n de artistas pl\u00e1sticos locales, los cuales elaboraron mandalas que se sumar\u00e1n y representar\u00e1n a la comunidad del noroeste santafesino.<\/p>\n\n\n\n<p><em>Los Mandalas son representaciones art\u00edsticas de estilo espiritual originarias de la India.<\/em><\/p>\n\n\n\n<p>La misma llega en el marco del programa <strong>\u201cCompartiendo Cultura\u201d<\/strong>, naciendo a trav\u00e9s de la iniciativa de catorce artistas pl\u00e1sticos de Romang, recorriendo las comunidades de la Usina II, IV, VII y I.<\/p>\n\n\n\n<p>Los artistas romanenes que fundaron este trabajo fueron motivados desde la inspiraci\u00f3n y la tem\u00e1tica del R\u00edo.<\/p>\n\n\n\n<p>Ellos son: <em>Astier; Diana, Dreher, Diego; Sturon, Graciela; Schurer, Mirta; Niemis, Juliana; Scremin, Luis; Vanoni, Mar\u00eda; Stirnemann, Rosana; Wuthrich,Patricia; Galeano, Micaela; Eichemberger, Heriberto, Zorz\u00f3n, Roc\u00edo; Braidot, Roc\u00edo; Ramseyer, Anal\u00eda.<\/em><\/p>\n\n\n\n<p><strong>\u201cCompartiendo Cultura\u201d<\/strong><\/p>\n\n\n\n<p>Dicho programa que posee la finalidad de intercambiar e interaccionar propuestas art\u00edsticas pertenecientes a las comunidades que integran dicho espacio cultural; jerarquizando y promoviendo la red social, cultural y de inclusi\u00f3n de los m\u00faltiples artistas santafesinos.<\/p>\n\n\n\n<p>\u201cLas actividades culturales se multiplican y se potencian d\u00eda a d\u00eda, en una red fortalecida por el trabajo constante de los pueblos y ciudades juntos a sus artistas y Secretarias de Cultura, incrementando el convencimiento de este trabajo cooperativo, solidario y de inclusi\u00f3n que emerge con toda la fuerza proveniente del interior santafesino y cordob\u00e9s\u201d<\/p>\n","protected":false},"excerpt":{"rendered":"<p>La Muestra itinerante de \u201cMandalas Santafesinos y Cordobeses\u201c sigue su recorrido por el norte de nuestra provincia. [&hellip;]<\/p>\n","protected":false},"author":2,"featured_media":1456,"comment_status":"open","ping_status":"open","sticky":false,"template":"","format":"standard","meta":{"spay_email":"","footnotes":"","jetpack_publicize_message":""},"categories":[4,8],"tags":[],"jetpack_featured_media_url":"http:\/\/enteculturalsantafesino.com.ar\/usina6\/wp-content\/uploads\/2021\/03\/c72903e6-08e3-48e9-a4a6-5fb5ab852057.jpg","jetpack_publicize_connections":[],"jetpack_sharing_enabled":true,"_links":{"self":[{"href":"http:\/\/enteculturalsantafesino.com.ar\/usina6\/wp-json\/wp\/v2\/posts\/1455"}],"collection":[{"href":"http:\/\/enteculturalsantafesino.com.ar\/usina6\/wp-json\/wp\/v2\/posts"}],"about":[{"href":"http:\/\/enteculturalsantafesino.com.ar\/usina6\/wp-json\/wp\/v2\/types\/post"}],"author":[{"embeddable":true,"href":"http:\/\/enteculturalsantafesino.com.ar\/usina6\/wp-json\/wp\/v2\/users\/2"}],"replies":[{"embeddable":true,"href":"http:\/\/enteculturalsantafesino.com.ar\/usina6\/wp-json\/wp\/v2\/comments?post=1455"}],"version-history":[{"count":2,"href":"http:\/\/enteculturalsantafesino.com.ar\/usina6\/wp-json\/wp\/v2\/posts\/1455\/revisions"}],"predecessor-version":[{"id":1458,"href":"http:\/\/enteculturalsantafesino.com.ar\/usina6\/wp-json\/wp\/v2\/posts\/1455\/revisions\/1458"}],"wp:featuredmedia":[{"embeddable":true,"href":"http:\/\/enteculturalsantafesino.com.ar\/usina6\/wp-json\/wp\/v2\/media\/1456"}],"wp:attachment":[{"href":"http:\/\/enteculturalsantafesino.com.ar\/usina6\/wp-json\/wp\/v2\/media?parent=1455"}],"wp:term":[{"taxonomy":"category","embeddable":true,"href":"http:\/\/enteculturalsantafesino.com.ar\/usina6\/wp-json\/wp\/v2\/categories?post=1455"},{"taxonomy":"post_tag","embeddable":true,"href":"http:\/\/enteculturalsantafesino.com.ar\/usina6\/wp-json\/wp\/v2\/tags?post=1455"}],"curies":[{"name":"wp","href":"https:\/\/api.w.org\/{rel}","templated":true}]}}