{"id":1498,"date":"2022-01-19T23:57:43","date_gmt":"2022-01-19T23:57:43","guid":{"rendered":"http:\/\/enteculturalsantafesino.com.ar\/usina6\/?p=1498"},"modified":"2022-01-19T23:57:47","modified_gmt":"2022-01-19T23:57:47","slug":"anibal-pachano-fue-distinguido-con-el-premio-julio-migno-2021","status":"publish","type":"post","link":"http:\/\/enteculturalsantafesino.com.ar\/usina6\/2022\/01\/anibal-pachano-fue-distinguido-con-el-premio-julio-migno-2021\/","title":{"rendered":"Anibal Pachano fue distinguido con el Premio \u00abJulio Migno 2021\u00bb"},"content":{"rendered":"\n<p>Durante la funci\u00f3n de la imponente obra <strong>\u00abAs\u00ed Vuelvo\u00bb<\/strong> llevada a cabo en el <strong>Teatro Acuario<\/strong> de Villa Carlos Paz; el \u00faltimo<strong> jueves 20<\/strong> , integrantes del <strong>Ente Cultural Santafesino<\/strong> hicieron entrega de la estatuilla elaborada por el artesano mocovi y sanjavierino <strong>N\u00e9stor Lanche<\/strong> quien elabor\u00f3 esta s\u00e9ptima premiaci\u00f3n provincial.<\/p>\n\n\n\n<p>De la distinci\u00f3n form\u00f3 parte\u00a0<strong>Claudia Giaccone\u00a0madrina del Ente Cultural Santafesino<\/strong>, <strong>Franco Pietrani &#8211; Secretario de Cultura de Acebal<\/strong> y <strong>Jos\u00e9 Medina Subsecretario de Cultura de la ciudad de Tostado.<\/strong><\/p>\n\n\n\n<p><em>\u00abEsta premiaci\u00f3n es el resultado de la designaci\u00f3n de cada comunidad adherida a nuestro Ente Cultural Santafesino. M\u00e1s de cien localidades llevan adelante este proceso de selecci\u00f3n hasta llegar a los siete representantes de cada una de las Usinas Culturales\u00bb<\/em>, manifest\u00f3 <strong>Claudia Giaccone<\/strong><\/p>\n\n\n\n<p><em>\u00abAn\u00edbal Pachano siempre tiene presente a su Tostado natal y hoy en esta obra pudimos disfrutar de toda su trayectoria y calidad como artista perteneciente a nuestro norte santafesino\u00bb<\/em>, se\u00f1al\u00f3 Jos\u00e9 Medina.<\/p>\n\n\n\n<figure class=\"wp-block-gallery columns-5 is-cropped wp-block-gallery-1 is-layout-flex wp-block-gallery-is-layout-flex\"><ul class=\"blocks-gallery-grid\"><li class=\"blocks-gallery-item\"><figure><img loading=\"lazy\" decoding=\"async\" width=\"1024\" height=\"768\" src=\"http:\/\/enteculturalsantafesino.com.ar\/usina6\/wp-content\/uploads\/2022\/01\/6694bf3d-88d8-4bcf-8eb6-34795fa02705-1-1024x768.jpg\" alt=\"\" data-id=\"1499\" data-full-url=\"http:\/\/enteculturalsantafesino.com.ar\/usina6\/wp-content\/uploads\/2022\/01\/6694bf3d-88d8-4bcf-8eb6-34795fa02705-1.jpg\" data-link=\"http:\/\/enteculturalsantafesino.com.ar\/usina6\/?attachment_id=1499\" class=\"wp-image-1499\" srcset=\"http:\/\/enteculturalsantafesino.com.ar\/usina6\/wp-content\/uploads\/2022\/01\/6694bf3d-88d8-4bcf-8eb6-34795fa02705-1-1024x768.jpg 1024w, http:\/\/enteculturalsantafesino.com.ar\/usina6\/wp-content\/uploads\/2022\/01\/6694bf3d-88d8-4bcf-8eb6-34795fa02705-1-300x225.jpg 300w, http:\/\/enteculturalsantafesino.com.ar\/usina6\/wp-content\/uploads\/2022\/01\/6694bf3d-88d8-4bcf-8eb6-34795fa02705-1-768x576.jpg 768w, http:\/\/enteculturalsantafesino.com.ar\/usina6\/wp-content\/uploads\/2022\/01\/6694bf3d-88d8-4bcf-8eb6-34795fa02705-1.jpg 1280w\" sizes=\"(max-width: 1024px) 100vw, 1024px\" \/><\/figure><\/li><li class=\"blocks-gallery-item\"><figure><img loading=\"lazy\" decoding=\"async\" width=\"1024\" height=\"768\" src=\"http:\/\/enteculturalsantafesino.com.ar\/usina6\/wp-content\/uploads\/2022\/01\/1fd9595e-cdbb-4179-921a-828bbb5a6c09-1024x768.jpg\" alt=\"\" data-id=\"1500\" data-full-url=\"http:\/\/enteculturalsantafesino.com.ar\/usina6\/wp-content\/uploads\/2022\/01\/1fd9595e-cdbb-4179-921a-828bbb5a6c09.jpg\" data-link=\"http:\/\/enteculturalsantafesino.com.ar\/usina6\/?attachment_id=1500\" class=\"wp-image-1500\" srcset=\"http:\/\/enteculturalsantafesino.com.ar\/usina6\/wp-content\/uploads\/2022\/01\/1fd9595e-cdbb-4179-921a-828bbb5a6c09-1024x768.jpg 1024w, http:\/\/enteculturalsantafesino.com.ar\/usina6\/wp-content\/uploads\/2022\/01\/1fd9595e-cdbb-4179-921a-828bbb5a6c09-300x225.jpg 300w, http:\/\/enteculturalsantafesino.com.ar\/usina6\/wp-content\/uploads\/2022\/01\/1fd9595e-cdbb-4179-921a-828bbb5a6c09-768x576.jpg 768w, http:\/\/enteculturalsantafesino.com.ar\/usina6\/wp-content\/uploads\/2022\/01\/1fd9595e-cdbb-4179-921a-828bbb5a6c09.jpg 1280w\" sizes=\"(max-width: 1024px) 100vw, 1024px\" \/><\/figure><\/li><li class=\"blocks-gallery-item\"><figure><img loading=\"lazy\" decoding=\"async\" width=\"1024\" height=\"768\" src=\"http:\/\/enteculturalsantafesino.com.ar\/usina6\/wp-content\/uploads\/2022\/01\/2d36cfea-44ca-4e0c-ada5-7a91fdea447e-1024x768.jpg\" alt=\"\" data-id=\"1501\" data-full-url=\"http:\/\/enteculturalsantafesino.com.ar\/usina6\/wp-content\/uploads\/2022\/01\/2d36cfea-44ca-4e0c-ada5-7a91fdea447e.jpg\" data-link=\"http:\/\/enteculturalsantafesino.com.ar\/usina6\/?attachment_id=1501\" class=\"wp-image-1501\" srcset=\"http:\/\/enteculturalsantafesino.com.ar\/usina6\/wp-content\/uploads\/2022\/01\/2d36cfea-44ca-4e0c-ada5-7a91fdea447e-1024x768.jpg 1024w, http:\/\/enteculturalsantafesino.com.ar\/usina6\/wp-content\/uploads\/2022\/01\/2d36cfea-44ca-4e0c-ada5-7a91fdea447e-300x225.jpg 300w, http:\/\/enteculturalsantafesino.com.ar\/usina6\/wp-content\/uploads\/2022\/01\/2d36cfea-44ca-4e0c-ada5-7a91fdea447e-768x576.jpg 768w, http:\/\/enteculturalsantafesino.com.ar\/usina6\/wp-content\/uploads\/2022\/01\/2d36cfea-44ca-4e0c-ada5-7a91fdea447e.jpg 1280w\" sizes=\"(max-width: 1024px) 100vw, 1024px\" \/><\/figure><\/li><li class=\"blocks-gallery-item\"><figure><img loading=\"lazy\" decoding=\"async\" width=\"1024\" height=\"768\" src=\"http:\/\/enteculturalsantafesino.com.ar\/usina6\/wp-content\/uploads\/2022\/01\/6fc11172-c669-4773-a780-7d1219c906b0-1024x768.jpg\" alt=\"\" data-id=\"1502\" data-full-url=\"http:\/\/enteculturalsantafesino.com.ar\/usina6\/wp-content\/uploads\/2022\/01\/6fc11172-c669-4773-a780-7d1219c906b0.jpg\" data-link=\"http:\/\/enteculturalsantafesino.com.ar\/usina6\/?attachment_id=1502\" class=\"wp-image-1502\" srcset=\"http:\/\/enteculturalsantafesino.com.ar\/usina6\/wp-content\/uploads\/2022\/01\/6fc11172-c669-4773-a780-7d1219c906b0-1024x768.jpg 1024w, http:\/\/enteculturalsantafesino.com.ar\/usina6\/wp-content\/uploads\/2022\/01\/6fc11172-c669-4773-a780-7d1219c906b0-300x225.jpg 300w, http:\/\/enteculturalsantafesino.com.ar\/usina6\/wp-content\/uploads\/2022\/01\/6fc11172-c669-4773-a780-7d1219c906b0-768x576.jpg 768w, http:\/\/enteculturalsantafesino.com.ar\/usina6\/wp-content\/uploads\/2022\/01\/6fc11172-c669-4773-a780-7d1219c906b0.jpg 1280w\" sizes=\"(max-width: 1024px) 100vw, 1024px\" \/><\/figure><\/li><li class=\"blocks-gallery-item\"><figure><img loading=\"lazy\" decoding=\"async\" width=\"1024\" height=\"768\" src=\"http:\/\/enteculturalsantafesino.com.ar\/usina6\/wp-content\/uploads\/2022\/01\/4241d156-6803-44aa-817f-ff0c10799b21-1024x768.jpg\" alt=\"\" data-id=\"1503\" data-full-url=\"http:\/\/enteculturalsantafesino.com.ar\/usina6\/wp-content\/uploads\/2022\/01\/4241d156-6803-44aa-817f-ff0c10799b21.jpg\" data-link=\"http:\/\/enteculturalsantafesino.com.ar\/usina6\/?attachment_id=1503\" class=\"wp-image-1503\" srcset=\"http:\/\/enteculturalsantafesino.com.ar\/usina6\/wp-content\/uploads\/2022\/01\/4241d156-6803-44aa-817f-ff0c10799b21-1024x768.jpg 1024w, http:\/\/enteculturalsantafesino.com.ar\/usina6\/wp-content\/uploads\/2022\/01\/4241d156-6803-44aa-817f-ff0c10799b21-300x225.jpg 300w, http:\/\/enteculturalsantafesino.com.ar\/usina6\/wp-content\/uploads\/2022\/01\/4241d156-6803-44aa-817f-ff0c10799b21-768x576.jpg 768w, http:\/\/enteculturalsantafesino.com.ar\/usina6\/wp-content\/uploads\/2022\/01\/4241d156-6803-44aa-817f-ff0c10799b21.jpg 1280w\" sizes=\"(max-width: 1024px) 100vw, 1024px\" \/><\/figure><\/li><\/ul><\/figure>\n\n\n\n<p><strong><em>An\u00edbal Pachano<\/em><\/strong><\/p>\n\n\n\n<p><em>Naci\u00f3 en Tostado, es bailar\u00edn, core\u00f3grafo, director teatral, y\u00a0arquitecto. En varias oportunidades incursion\u00f3 como\u00a0actor.<\/em><\/p>\n\n\n\n<p><em>Comenz\u00f3 su carrera art\u00edstica como bailar\u00edn y core\u00f3grafo en 1982, con su grupo de baile Bottom Tap. Pero, en el a\u00f1o 2009 en el programa\u00a0Showmatch, con su secci\u00f3n en aquel entonces que es\u00a0El musical de tus sue\u00f1os, adquiri\u00f3 mayor popularidad y particip\u00f3 como jurado.<\/em><\/p>\n\n\n\n<p><em>Durante tres a\u00f1os, An\u00edbal fue jurado del pol\u00e9mico reality show de baile\u00a0Bailando por un sue\u00f1o Argentina, segmento de Showmatch y versi\u00f3n argentina del reality de baile mexicano hom\u00f3nimo, y realiza giras por el pa\u00eds con su obra teatral\u00a0Pour La Gallery.<\/em><\/p>\n\n\n\n<p><em>En el a\u00f1o\u00a02011\u00a0particip\u00f3 del\u00a0desfile\u00a0del \u00abMar del Plata Moda Show\u00bb, al a\u00f1o siguiente, present\u00f3 su exitosa obra \u00abSmail\u00bb en la temporada de Carlos Paz, luego realiz\u00f3 gira por todo el Pa\u00eds y despu\u00e9s pas\u00f3 por otros pa\u00edses como\u00a0Paraguay,\u00a0Uruguay\u00a0y\u00a0Chile.<\/em><\/p>\n\n\n\n<p><em>En 2020, fue jurado de las competencias folcl\u00f3rica e internacional de la edici\u00f3n 61 del\u00a0Festival Internacional de la Canci\u00f3n de Vi\u00f1a del Mar, en\u00a0Chile. Adem\u00e1s, fue jurado del reality show de baile\u00a0Bailando por un sue\u00f1o Chile, versi\u00f3n chilena del reality de baile mexicano del mismo nombre.<\/em><\/p>\n\n\n\n<p>El&nbsp;<strong>Premio Provincial Julio Migno&nbsp;<\/strong>surgi\u00f3 a propuesta del sanjavierino&nbsp;<strong>Alejandro Vivas&nbsp;<\/strong>siendo materializado el sue\u00f1o del gran escritor sanjavierino&nbsp;<strong>Don Julio Migno<\/strong>. Dicho reconocimiento esta destinado a aquellas personas que se destaquen en el \u00e1mbito cultural y social; siendo corporizado en la imagen del jesuita Florian Paucke abrazando a un ni\u00f1o mocov\u00ed, con una estatuilla elaborada en barro por el artesano sanjavierino&nbsp;<strong>N\u00e9stor Lanche<\/strong><em><strong>.&nbsp;<\/strong><\/em><\/p>\n\n\n\n<p><strong>Este es el s\u00e9ptimo  premio que se entrega a trav\u00e9s de la designaci\u00f3n y elecci\u00f3n de las distintas Usinas Culturales. Anteriormente los galardonados fueron:\u00a0<em>Alfredo Salte\u00f1o (Colonia Dolores), Prof. Juan A. Kluczkiewicz (Gessler), Mtro. Omar Fiordelmondo (Labordeboy), Julian Ratti (Rafaela)<\/em>,\u00a0<em>Claudia Giaccone (Casilda)<\/em><\/strong> y <strong><em>Orlando Veracruz (Sauce Viejo)<\/em><\/strong><\/p>\n","protected":false},"excerpt":{"rendered":"<p>Durante la funci\u00f3n de la imponente obra \u00abAs\u00ed Vuelvo\u00bb llevada a cabo en el Teatro Acuario de [&hellip;]<\/p>\n","protected":false},"author":2,"featured_media":1499,"comment_status":"open","ping_status":"open","sticky":false,"template":"","format":"standard","meta":{"spay_email":"","footnotes":"","jetpack_publicize_message":""},"categories":[4,2],"tags":[],"jetpack_featured_media_url":"http:\/\/enteculturalsantafesino.com.ar\/usina6\/wp-content\/uploads\/2022\/01\/6694bf3d-88d8-4bcf-8eb6-34795fa02705-1.jpg","jetpack_publicize_connections":[],"jetpack_sharing_enabled":true,"_links":{"self":[{"href":"http:\/\/enteculturalsantafesino.com.ar\/usina6\/wp-json\/wp\/v2\/posts\/1498"}],"collection":[{"href":"http:\/\/enteculturalsantafesino.com.ar\/usina6\/wp-json\/wp\/v2\/posts"}],"about":[{"href":"http:\/\/enteculturalsantafesino.com.ar\/usina6\/wp-json\/wp\/v2\/types\/post"}],"author":[{"embeddable":true,"href":"http:\/\/enteculturalsantafesino.com.ar\/usina6\/wp-json\/wp\/v2\/users\/2"}],"replies":[{"embeddable":true,"href":"http:\/\/enteculturalsantafesino.com.ar\/usina6\/wp-json\/wp\/v2\/comments?post=1498"}],"version-history":[{"count":1,"href":"http:\/\/enteculturalsantafesino.com.ar\/usina6\/wp-json\/wp\/v2\/posts\/1498\/revisions"}],"predecessor-version":[{"id":1505,"href":"http:\/\/enteculturalsantafesino.com.ar\/usina6\/wp-json\/wp\/v2\/posts\/1498\/revisions\/1505"}],"wp:featuredmedia":[{"embeddable":true,"href":"http:\/\/enteculturalsantafesino.com.ar\/usina6\/wp-json\/wp\/v2\/media\/1499"}],"wp:attachment":[{"href":"http:\/\/enteculturalsantafesino.com.ar\/usina6\/wp-json\/wp\/v2\/media?parent=1498"}],"wp:term":[{"taxonomy":"category","embeddable":true,"href":"http:\/\/enteculturalsantafesino.com.ar\/usina6\/wp-json\/wp\/v2\/categories?post=1498"},{"taxonomy":"post_tag","embeddable":true,"href":"http:\/\/enteculturalsantafesino.com.ar\/usina6\/wp-json\/wp\/v2\/tags?post=1498"}],"curies":[{"name":"wp","href":"https:\/\/api.w.org\/{rel}","templated":true}]}}