{"id":150,"date":"2014-06-02T12:34:48","date_gmt":"2014-06-02T12:34:48","guid":{"rendered":"http:\/\/entecultura.com.ar\/usina6\/?p=150"},"modified":"2014-06-02T12:42:02","modified_gmt":"2014-06-02T12:42:02","slug":"tostado-la-campana-del-frio-cero-fue-todo-un-exito","status":"publish","type":"post","link":"http:\/\/enteculturalsantafesino.com.ar\/usina6\/2014\/06\/tostado-la-campana-del-frio-cero-fue-todo-un-exito\/","title":{"rendered":"Tostado: La \u00abCampa\u00f1a del Fr\u00edo Cero\u00bb fue todo un \u00e9xito"},"content":{"rendered":"<p><span data-ft=\"{&quot;tn&quot;:&quot;K&quot;}\" data-reactid=\".lb.1:3:1:$comment526296507492233_526450360810181:0.0.$right.0.$left.0.0.1:$comment-body\"><span class=\"UFICommentBody\" data-reactid=\".lb.1:3:1:$comment526296507492233_526450360810181:0.0.$right.0.$left.0.0.1:$comment-body.0\"><span data-reactid=\".lb.1:3:1:$comment526296507492233_526450360810181:0.0.$right.0.$left.0.0.1:$comment-body.0.$end:0:$0:0\">Una tarde espectacular se vivi\u00f3 en la Plaza 25 de mayo con la <strong>Campa\u00f1a del Fr\u00edo Cero<\/strong> y la recolecci\u00f3n de abrigos<a href=\"http:\/\/enteculturalsantafesino.com.ar\/usina6\/wp-content\/uploads\/2014\/06\/1601116_526477094140841_7864885869500999188_n.jpg\"><img loading=\"lazy\" decoding=\"async\" class=\"alignright size-medium wp-image-151\" src=\"http:\/\/enteculturalsantafesino.com.ar\/usina6\/wp-content\/uploads\/2014\/06\/1601116_526477094140841_7864885869500999188_n-300x225.jpg\" alt=\"1601116_526477094140841_7864885869500999188_n\" width=\"300\" height=\"225\" srcset=\"http:\/\/enteculturalsantafesino.com.ar\/usina6\/wp-content\/uploads\/2014\/06\/1601116_526477094140841_7864885869500999188_n-300x225.jpg 300w, http:\/\/enteculturalsantafesino.com.ar\/usina6\/wp-content\/uploads\/2014\/06\/1601116_526477094140841_7864885869500999188_n.jpg 960w\" sizes=\"(max-width: 300px) 100vw, 300px\" \/><\/a><\/span><\/span><\/span><\/p>\n<p>La <strong>Secretaria de Cultura y Deportes<\/strong> quiere agradecer y felicitar a <em>Facundo Quiroga y sus alumnos Lori, Facundito y N\u00e9stor; Rita la Titiritera, Mar\u00eda Elena y Yulo Peagage junto a los alumnos del Liceo Municipal, Emiliano Puig y su Conjunto Chamamecero, Beto Rabello y a los Artistas regionales que disfrutaron de la tarde haciendo excelente canciones.<\/em><\/p>\n<p>Un agradecimiento especial a los Alumnos de la Escuela T\u00e9cnica N\u00ba 282 que bailaron.<\/p>\n<p>Tambi\u00e9n se disfrut\u00f3 de las delicias y Artesan\u00edas de la Feria Franca Tostado y varios y diversos puestos de ventas.<\/p>\n<p><strong><em><span class=\"fbPhotoCaptionText\">Maravillosa tarde Solidaria; cargada de M\u00fasica, Bailes, Comida, Artesan\u00edas, Actuaciones y Solidaridad para los Hermanos que lo necesitan.<br \/>\nGracias a Todos los que colaboraron desde la organizaci\u00f3n \u00a0su participaci\u00f3n y donaciones.<\/span><\/em><\/strong><\/p>\n<p><em><strong><span class=\"fbPhotoCaptionText\">Fuente: Secretaria de Cultura y Deportes de Tostado.<\/span><\/strong><\/em><\/p>\n<p>&nbsp;<\/p>\n","protected":false},"excerpt":{"rendered":"<p>Una tarde espectacular se vivi\u00f3 en la Plaza 25 de mayo con la Campa\u00f1a del Fr\u00edo Cero [&hellip;]<\/p>\n","protected":false},"author":2,"featured_media":152,"comment_status":"open","ping_status":"open","sticky":false,"template":"","format":"standard","meta":{"spay_email":"","footnotes":"","jetpack_publicize_message":""},"categories":[2],"tags":[],"jetpack_featured_media_url":"http:\/\/enteculturalsantafesino.com.ar\/usina6\/wp-content\/uploads\/2014\/06\/10013580_526654677456416_2682646832492258255_n.jpg","jetpack_publicize_connections":[],"jetpack_sharing_enabled":true,"_links":{"self":[{"href":"http:\/\/enteculturalsantafesino.com.ar\/usina6\/wp-json\/wp\/v2\/posts\/150"}],"collection":[{"href":"http:\/\/enteculturalsantafesino.com.ar\/usina6\/wp-json\/wp\/v2\/posts"}],"about":[{"href":"http:\/\/enteculturalsantafesino.com.ar\/usina6\/wp-json\/wp\/v2\/types\/post"}],"author":[{"embeddable":true,"href":"http:\/\/enteculturalsantafesino.com.ar\/usina6\/wp-json\/wp\/v2\/users\/2"}],"replies":[{"embeddable":true,"href":"http:\/\/enteculturalsantafesino.com.ar\/usina6\/wp-json\/wp\/v2\/comments?post=150"}],"version-history":[{"count":0,"href":"http:\/\/enteculturalsantafesino.com.ar\/usina6\/wp-json\/wp\/v2\/posts\/150\/revisions"}],"wp:featuredmedia":[{"embeddable":true,"href":"http:\/\/enteculturalsantafesino.com.ar\/usina6\/wp-json\/wp\/v2\/media\/152"}],"wp:attachment":[{"href":"http:\/\/enteculturalsantafesino.com.ar\/usina6\/wp-json\/wp\/v2\/media?parent=150"}],"wp:term":[{"taxonomy":"category","embeddable":true,"href":"http:\/\/enteculturalsantafesino.com.ar\/usina6\/wp-json\/wp\/v2\/categories?post=150"},{"taxonomy":"post_tag","embeddable":true,"href":"http:\/\/enteculturalsantafesino.com.ar\/usina6\/wp-json\/wp\/v2\/tags?post=150"}],"curies":[{"name":"wp","href":"https:\/\/api.w.org\/{rel}","templated":true}]}}