{"id":1523,"date":"2022-07-20T00:12:24","date_gmt":"2022-07-20T00:12:24","guid":{"rendered":"http:\/\/enteculturalsantafesino.com.ar\/usina6\/?p=1523"},"modified":"2022-07-20T00:13:46","modified_gmt":"2022-07-20T00:13:46","slug":"tostado-disputo-su-primer-encuentro-interbarrial-del-torneo-de-bolitas","status":"publish","type":"post","link":"http:\/\/enteculturalsantafesino.com.ar\/usina6\/2022\/07\/tostado-disputo-su-primer-encuentro-interbarrial-del-torneo-de-bolitas\/","title":{"rendered":"Tostado disput\u00f3 su primer encuentro interbarrial del \u00abTorneo de Bolitas"},"content":{"rendered":"\n<p>El\u00a0<strong>martes 19 <\/strong>en el maco del<strong> \u00abencuentro recreativo\u00bb<\/strong> en la<strong> Plaza Centenario <\/strong>del <strong>Barrio San Genaro, <\/strong>se desarroll\u00f3 la primera instancia local -Interbarrial- del\u00a0<strong>\u00ab4\u00b0 Torneo Provincial de Bolitas\u00bb<\/strong>, organizado por el<strong>\u00a0Ente Cultural Santafesino<\/strong>, bajo la coordinaci\u00f3n de la <strong>Secretaria de Cultura, Deportes y Educaci\u00f3n de la Municipalidad de Tostado. <\/strong><\/p>\n\n\n\n<p>Los ganadores del primer encuentro fueron:<\/p>\n\n\n\n<p><strong>Categor\u00eda de 8 a 12 a\u00f1os<\/strong>:<br>Blasi Luis &#8211; 11 a\u00f1os.<br>Fr\u00edas Valentino &#8211; 12 a\u00f1os.<br>Casas Wilson &#8211; 12 a\u00f1os.<br>Sosa Jonatan &#8211; 8 a\u00f1os.<br>Saavedra Mikeas &#8211; 9 a\u00f1os.<\/p>\n\n\n\n<p><strong>Categor\u00eda de 13 a 16 a\u00f1os<\/strong><br>Vargas Jerem\u00edas &#8211;  13 a\u00f1os.<br>Saavedra Natalia &#8211; 13 a\u00f1os<\/p>\n\n\n\n<p>El certamen cuenta con competencias locales, luego regionales y la gran final que ser\u00e1 en la ciudad de San Jorge, posibilitando que los participantes recorran la primera f\u00e1brica argentina de Bolitas de Cristal.<\/p>\n\n\n\n<p>Contin\u00faan los encuentros locales en busca de representantes a las etapas regionales. El cierre ser\u00e1 a mediados de septiembre, en la ciudad de San Jorge.&nbsp;<\/p>\n\n\n\n<p><strong>El Presidente del Ente Cultural Santafesino-Claudio Pellegrini&nbsp;<\/strong>dijo que \u00ab<em>estos torneos constituyen una experiencia conmovedora, un encuentro de norte a sur y de este a oeste de la provincia, convocando a ni\u00f1os, j\u00f3venes y adultos a un juego que remite a la nostalgia, pero que tambi\u00e9n nos permite resaltar la cultura del esfuerzo y la producci\u00f3n que tenemos los santafesinos\u00bb<\/em>.<\/p>\n","protected":false},"excerpt":{"rendered":"<p>El\u00a0martes 19 en el maco del \u00abencuentro recreativo\u00bb en la Plaza Centenario del Barrio San Genaro, se [&hellip;]<\/p>\n","protected":false},"author":2,"featured_media":1524,"comment_status":"open","ping_status":"open","sticky":false,"template":"","format":"standard","meta":{"spay_email":"","footnotes":"","jetpack_publicize_message":""},"categories":[4,2],"tags":[],"jetpack_featured_media_url":"http:\/\/enteculturalsantafesino.com.ar\/usina6\/wp-content\/uploads\/2022\/07\/1ce4e1d5-6410-412b-ba36-de9dd1fd69f3.jpg","jetpack_publicize_connections":[],"jetpack_sharing_enabled":true,"_links":{"self":[{"href":"http:\/\/enteculturalsantafesino.com.ar\/usina6\/wp-json\/wp\/v2\/posts\/1523"}],"collection":[{"href":"http:\/\/enteculturalsantafesino.com.ar\/usina6\/wp-json\/wp\/v2\/posts"}],"about":[{"href":"http:\/\/enteculturalsantafesino.com.ar\/usina6\/wp-json\/wp\/v2\/types\/post"}],"author":[{"embeddable":true,"href":"http:\/\/enteculturalsantafesino.com.ar\/usina6\/wp-json\/wp\/v2\/users\/2"}],"replies":[{"embeddable":true,"href":"http:\/\/enteculturalsantafesino.com.ar\/usina6\/wp-json\/wp\/v2\/comments?post=1523"}],"version-history":[{"count":2,"href":"http:\/\/enteculturalsantafesino.com.ar\/usina6\/wp-json\/wp\/v2\/posts\/1523\/revisions"}],"predecessor-version":[{"id":1526,"href":"http:\/\/enteculturalsantafesino.com.ar\/usina6\/wp-json\/wp\/v2\/posts\/1523\/revisions\/1526"}],"wp:featuredmedia":[{"embeddable":true,"href":"http:\/\/enteculturalsantafesino.com.ar\/usina6\/wp-json\/wp\/v2\/media\/1524"}],"wp:attachment":[{"href":"http:\/\/enteculturalsantafesino.com.ar\/usina6\/wp-json\/wp\/v2\/media?parent=1523"}],"wp:term":[{"taxonomy":"category","embeddable":true,"href":"http:\/\/enteculturalsantafesino.com.ar\/usina6\/wp-json\/wp\/v2\/categories?post=1523"},{"taxonomy":"post_tag","embeddable":true,"href":"http:\/\/enteculturalsantafesino.com.ar\/usina6\/wp-json\/wp\/v2\/tags?post=1523"}],"curies":[{"name":"wp","href":"https:\/\/api.w.org\/{rel}","templated":true}]}}