{"id":1544,"date":"2022-10-31T12:47:02","date_gmt":"2022-10-31T12:47:02","guid":{"rendered":"http:\/\/enteculturalsantafesino.com.ar\/usina6\/?p=1544"},"modified":"2022-10-31T12:47:04","modified_gmt":"2022-10-31T12:47:04","slug":"tostado-4ta-muestra-pictorica-entrelazarte","status":"publish","type":"post","link":"http:\/\/enteculturalsantafesino.com.ar\/usina6\/2022\/10\/tostado-4ta-muestra-pictorica-entrelazarte\/","title":{"rendered":"Tostado: 4ta Muestra Pict\u00f3rica \u00abEntrelazarte\u00bb"},"content":{"rendered":"\n<p>Un evento que aun\u00f3 diferentes expresiones art\u00edsticas donde el p\u00fablico tuvo a su alcance las mejores manifestaciones de m\u00fasica, pintura, escultura, coro y maquillaje art\u00edstico.<\/p>\n\n\n\n<p>La muestra se llev\u00f3 a cabo en <strong>s\u00e1bado 29<\/strong> en el<strong> sal\u00f3n del CAT<\/strong> y cont\u00f3 con la presencia de artistas invitados como: <em>Carolina Curti (Pintura); Guillermo Jara (Pintura); Luc\u00eda Schmidhalter (Escultura); Ail\u00e9n Gutman (Maquillaje art\u00edstico); Coro Polif\u00f3nico de la ciudad de Tostado, a cargo de su Director H\u00e9ctor Redondo y Marta Carrara (Arpista internacional), y nuestras artistas locales, anfitrionas y organizadoras de este importante encuentro cultural como lo son Ana Luisa Ferrarini, Estela Briccola y Gladys Iruretagoyena<\/em>. <\/p>\n\n\n\n<p>Tambi\u00e9n conto con la presencia de Roberto Zelaya, actual presidente y referente de la Asociaci\u00f3n Amigos del Arte de la ciudad de Ceres, secretarios del ejecutivo municipal y concejales.<\/p>\n\n\n\n<p>El evento fue declarado, por el Intendente Enrique Mualem, de \u201cInter\u00e9s Municipal y Cultural, de igual manera lo hizo el Honorable Concejo Municipal.<\/p>\n","protected":false},"excerpt":{"rendered":"<p>Un evento que aun\u00f3 diferentes expresiones art\u00edsticas donde el p\u00fablico tuvo a su alcance las mejores manifestaciones [&hellip;]<\/p>\n","protected":false},"author":2,"featured_media":1545,"comment_status":"open","ping_status":"open","sticky":false,"template":"","format":"standard","meta":{"spay_email":"","footnotes":"","jetpack_publicize_message":""},"categories":[2],"tags":[],"jetpack_featured_media_url":"http:\/\/enteculturalsantafesino.com.ar\/usina6\/wp-content\/uploads\/2022\/10\/313416327_423216363315523_1197501173620012222_n.jpg","jetpack_publicize_connections":[],"jetpack_sharing_enabled":true,"_links":{"self":[{"href":"http:\/\/enteculturalsantafesino.com.ar\/usina6\/wp-json\/wp\/v2\/posts\/1544"}],"collection":[{"href":"http:\/\/enteculturalsantafesino.com.ar\/usina6\/wp-json\/wp\/v2\/posts"}],"about":[{"href":"http:\/\/enteculturalsantafesino.com.ar\/usina6\/wp-json\/wp\/v2\/types\/post"}],"author":[{"embeddable":true,"href":"http:\/\/enteculturalsantafesino.com.ar\/usina6\/wp-json\/wp\/v2\/users\/2"}],"replies":[{"embeddable":true,"href":"http:\/\/enteculturalsantafesino.com.ar\/usina6\/wp-json\/wp\/v2\/comments?post=1544"}],"version-history":[{"count":1,"href":"http:\/\/enteculturalsantafesino.com.ar\/usina6\/wp-json\/wp\/v2\/posts\/1544\/revisions"}],"predecessor-version":[{"id":1546,"href":"http:\/\/enteculturalsantafesino.com.ar\/usina6\/wp-json\/wp\/v2\/posts\/1544\/revisions\/1546"}],"wp:featuredmedia":[{"embeddable":true,"href":"http:\/\/enteculturalsantafesino.com.ar\/usina6\/wp-json\/wp\/v2\/media\/1545"}],"wp:attachment":[{"href":"http:\/\/enteculturalsantafesino.com.ar\/usina6\/wp-json\/wp\/v2\/media?parent=1544"}],"wp:term":[{"taxonomy":"category","embeddable":true,"href":"http:\/\/enteculturalsantafesino.com.ar\/usina6\/wp-json\/wp\/v2\/categories?post=1544"},{"taxonomy":"post_tag","embeddable":true,"href":"http:\/\/enteculturalsantafesino.com.ar\/usina6\/wp-json\/wp\/v2\/tags?post=1544"}],"curies":[{"name":"wp","href":"https:\/\/api.w.org\/{rel}","templated":true}]}}