{"id":1570,"date":"2023-06-14T01:20:59","date_gmt":"2023-06-14T01:20:59","guid":{"rendered":"http:\/\/enteculturalsantafesino.com.ar\/usina6\/?p=1570"},"modified":"2023-06-14T01:21:03","modified_gmt":"2023-06-14T01:21:03","slug":"lucas-alario-firmo-la-pelota-que-representara-a-tostado","status":"publish","type":"post","link":"http:\/\/enteculturalsantafesino.com.ar\/usina6\/2023\/06\/lucas-alario-firmo-la-pelota-que-representara-a-tostado\/","title":{"rendered":"Lucas Alario firm\u00f3 la pelota que representar\u00e1 a Tostado"},"content":{"rendered":"\n<p>El\u00a0<strong>lunes 12 <\/strong>en la<strong> Escuela N\u00b0 419 \u00abJos\u00e9 Manuel Estrada\u00bb<\/strong> se present\u00f3 la pelota intervenida que representar\u00e1 a la cabecera del depto 9 de Julio en la Muestra itinerante<strong> \u00abArte en Pelotas\u00bb <\/strong>con la presencia del destacado futbolista <strong>Lucas Alario.<\/strong><\/p>\n\n\n\n<p>Con la presencia de los directivos y de la comunidad educativa, el goleador tostadense particip\u00f3 de dicha presentaci\u00f3n y estamp\u00f3 su firma sobre la obra de arte.<\/p>\n\n\n\n<p>Alario felicit\u00f3 a los responsables de llevar adelante dicho programa al <strong>Ente Cultural Santafesino<\/strong>;  viviendo un momento muy emotivo con todos los presentes.<\/p>\n\n\n\n<p>La muestra durante el corriente a\u00f1o estar\u00e1 visitando la comunidad y en los pr\u00f3ximos d\u00edas la obra de Tostado se sumar\u00e1 al centenar de pelotas que conforman dicho programa interprovincial.<\/p>\n\n\n\n<p><strong>\u00abArte en Pelotas\u00bb<\/strong><\/p>\n\n\n\n<p><em>El programa&nbsp;<strong>\u00abArte en Pelotas\u00bb<\/strong>&nbsp;consiste en la intervenci\u00f3n art\u00edstica sobre pelotas de f\u00fatbol, las cuales son pintadas en forma colectiva o individual. En dicha producci\u00f3n se refleja la idiosincrasia, el paisaje, la historia y el esp\u00edritu deportivo de cada comunidad participante.<\/em><\/p>\n\n\n\n<p>La muestra fue presentada en la\u00a0<strong>Asociaci\u00f3n del F\u00fatbol Argentino (AFA)<\/strong>\u00a0y en la<strong>\u00a0XIX Fiesta Nacional de Pelota\u00a0<\/strong>(Bell Ville), iniciando su recorrido por las comunidades adheridas a los Entes Culturales.<\/p>\n\n\n\n<p><a href=\"https:\/\/es.wikipedia.org\/wiki\/Lucas_Alario\">Lucas Alario:<\/a> naci\u00f3 enTostado,\u00a0juega como\u00a0delantero\u00a0y su equipo es el\u00a0Eintracht Frankfurt\u00a0de la\u00a0Bundesliga\u00a0de\u00a0Alemania. Su trayectoria marca los pasos por : Colon de Santa Fe,  River Plate, Bayer 04 Leverkusen.<\/p>\n\n\n\n<p><\/p>\n","protected":false},"excerpt":{"rendered":"<p>El\u00a0lunes 12 en la Escuela N\u00b0 419 \u00abJos\u00e9 Manuel Estrada\u00bb se present\u00f3 la pelota intervenida que representar\u00e1 [&hellip;]<\/p>\n","protected":false},"author":2,"featured_media":1571,"comment_status":"open","ping_status":"open","sticky":false,"template":"","format":"standard","meta":{"spay_email":"","footnotes":"","jetpack_publicize_message":""},"categories":[4,2],"tags":[],"jetpack_featured_media_url":"http:\/\/enteculturalsantafesino.com.ar\/usina6\/wp-content\/uploads\/2023\/06\/abfdb140-0eb3-405f-bd4a-01a4089159e9.jpg","jetpack_publicize_connections":[],"jetpack_sharing_enabled":true,"_links":{"self":[{"href":"http:\/\/enteculturalsantafesino.com.ar\/usina6\/wp-json\/wp\/v2\/posts\/1570"}],"collection":[{"href":"http:\/\/enteculturalsantafesino.com.ar\/usina6\/wp-json\/wp\/v2\/posts"}],"about":[{"href":"http:\/\/enteculturalsantafesino.com.ar\/usina6\/wp-json\/wp\/v2\/types\/post"}],"author":[{"embeddable":true,"href":"http:\/\/enteculturalsantafesino.com.ar\/usina6\/wp-json\/wp\/v2\/users\/2"}],"replies":[{"embeddable":true,"href":"http:\/\/enteculturalsantafesino.com.ar\/usina6\/wp-json\/wp\/v2\/comments?post=1570"}],"version-history":[{"count":1,"href":"http:\/\/enteculturalsantafesino.com.ar\/usina6\/wp-json\/wp\/v2\/posts\/1570\/revisions"}],"predecessor-version":[{"id":1572,"href":"http:\/\/enteculturalsantafesino.com.ar\/usina6\/wp-json\/wp\/v2\/posts\/1570\/revisions\/1572"}],"wp:featuredmedia":[{"embeddable":true,"href":"http:\/\/enteculturalsantafesino.com.ar\/usina6\/wp-json\/wp\/v2\/media\/1571"}],"wp:attachment":[{"href":"http:\/\/enteculturalsantafesino.com.ar\/usina6\/wp-json\/wp\/v2\/media?parent=1570"}],"wp:term":[{"taxonomy":"category","embeddable":true,"href":"http:\/\/enteculturalsantafesino.com.ar\/usina6\/wp-json\/wp\/v2\/categories?post=1570"},{"taxonomy":"post_tag","embeddable":true,"href":"http:\/\/enteculturalsantafesino.com.ar\/usina6\/wp-json\/wp\/v2\/tags?post=1570"}],"curies":[{"name":"wp","href":"https:\/\/api.w.org\/{rel}","templated":true}]}}