{"id":184,"date":"2014-06-26T14:51:12","date_gmt":"2014-06-26T14:51:12","guid":{"rendered":"http:\/\/entecultura.com.ar\/usina6\/?p=184"},"modified":"2014-06-26T14:51:12","modified_gmt":"2014-06-26T14:51:12","slug":"logrono-se-prepara-la-4o-feriagro-regional","status":"publish","type":"post","link":"http:\/\/enteculturalsantafesino.com.ar\/usina6\/2014\/06\/logrono-se-prepara-la-4o-feriagro-regional\/","title":{"rendered":"Logro\u00f1o: Se prepara la 4\u00ba Feriagro Regional"},"content":{"rendered":"<p><span class=\"_3qi9\" data-reactid=\".25.1.0.1.$mid=11403735760560=27e69af917daa6f7786.0.1.0.$right.0.0.1.0\"><span class=\"null\">La <em><strong>Asociaci\u00f3n para el Desarrollo del Dpto. 9 de Julio<\/strong><\/em>,<a href=\"http:\/\/enteculturalsantafesino.com.ar\/usina6\/wp-content\/uploads\/2014\/06\/10506896_585031914950009_2284179439885245288_o-e1403794205561.jpg\"><img loading=\"lazy\" decoding=\"async\" class=\"alignright size-medium wp-image-185\" src=\"http:\/\/enteculturalsantafesino.com.ar\/usina6\/wp-content\/uploads\/2014\/06\/10506896_585031914950009_2284179439885245288_o-e1403794205561-300x261.jpg\" alt=\"10506896_585031914950009_2284179439885245288_o\" width=\"300\" height=\"261\" srcset=\"http:\/\/enteculturalsantafesino.com.ar\/usina6\/wp-content\/uploads\/2014\/06\/10506896_585031914950009_2284179439885245288_o-e1403794205561-300x261.jpg 300w, http:\/\/enteculturalsantafesino.com.ar\/usina6\/wp-content\/uploads\/2014\/06\/10506896_585031914950009_2284179439885245288_o-e1403794205561.jpg 522w\" sizes=\"(max-width: 300px) 100vw, 300px\" \/><\/a><\/span><\/span><\/p>\n<p><span class=\"_3qi9\" data-reactid=\".25.1.0.1.$mid=11403735760560=27e69af917daa6f7786.0.1.0.$right.0.0.1.0\"><span class=\"null\"> ha dispuesto que la edici\u00f3n 2014, de la<strong> FERIAGRO REGIONAL<\/strong>, se lleve a cabo en<strong> LOGRO\u00d1O<\/strong> los dias <em><strong>4 &#8211; 5 y 6 de julio\u00a0<\/strong><\/em><b><i>pr\u00f3ximo<\/i><\/b>, dicha muestra agroindustrial, comercial, artesanal y de microemprendores cuenta con el total apoyo del Gobierno de la Provincia de Santa Fe.<\/span><\/span><\/p>\n<p><span class=\"_3qi9\" data-reactid=\".25.1.0.1.$mid=11403735760560=27e69af917daa6f7786.0.1.0.$right.0.0.1.0\"><span class=\"null\">\u00a0Dicho evento congregara un considerable numero de expositores y visitantes de diversas localidades de la regi\u00f3n, en el cual se mostrara el potencial y trabajo de la gente de estos lugares que, a diario y con el sostenido apoyo desde la instituci\u00f3n organizadora, viene apuntalando, conformando de esta forma el verdadero <strong><em>\u201cENCUENTRO DEL CAMPO, EL PUEBLO Y LA CIUDAD\u201d.<\/em><\/strong><\/span><\/span><\/p>\n<p><strong><span class=\"_3qi9\" data-reactid=\".25.1.0.1.$mid=11403735760560=27e69af917daa6f7786.0.1.0.$right.0.0.1.0\"><span class=\"null\">&#8211; PROGRAMA DE ACTIVIDADES <\/span><\/span><\/strong><\/p>\n<p><strong><span class=\"_3qi9\" data-reactid=\".25.1.0.1.$mid=11403735760560=27e69af917daa6f7786.0.1.0.$right.0.0.1.0\"><span class=\"null\">VIERNES 4<\/span><\/span><\/strong><\/p>\n<p><span class=\"_3qi9\" data-reactid=\".25.1.0.1.$mid=11403735760560=27e69af917daa6f7786.0.1.0.$right.0.0.1.0\"><span class=\"null\"> 9 Hs. Habilitaci\u00f3n de la muestra.- <\/span><\/span><\/p>\n<p><span class=\"_3qi9\" data-reactid=\".25.1.0.1.$mid=11403735760560=27e69af917daa6f7786.0.1.0.$right.0.0.1.0\"><span class=\"null\">1<\/span><\/span>2 Hs.: Conferencia de prensa de los organizadores con los \u00faltimos detalles de la programaci\u00f3n.<a href=\"http:\/\/enteculturalsantafesino.com.ar\/usina6\/wp-content\/uploads\/2014\/06\/10483746_583899898396544_2276560444474941301_a.jpg\"><img loading=\"lazy\" decoding=\"async\" class=\"alignright size-medium wp-image-186\" src=\"http:\/\/enteculturalsantafesino.com.ar\/usina6\/wp-content\/uploads\/2014\/06\/10483746_583899898396544_2276560444474941301_a-135x300.jpg\" alt=\"10483746_583899898396544_2276560444474941301_a\" width=\"135\" height=\"300\" srcset=\"http:\/\/enteculturalsantafesino.com.ar\/usina6\/wp-content\/uploads\/2014\/06\/10483746_583899898396544_2276560444474941301_a-135x300.jpg 135w, http:\/\/enteculturalsantafesino.com.ar\/usina6\/wp-content\/uploads\/2014\/06\/10483746_583899898396544_2276560444474941301_a.jpg 143w\" sizes=\"(max-width: 135px) 100vw, 135px\" \/><\/a><\/p>\n<p>18,30 Hs. Disertaci\u00f3n sobre \u201cClave de la ganader\u00eda a futuro\u201d a\/c del Lic. VICTOR TONELLI<\/p>\n<p>21 Hs.: Cena de camarader\u00eda para expositores, productores, t\u00e9cnicos, periodistas e invitados especiales<\/p>\n<p><strong>&#8211;\u00a0S\u00c1BADO\u00a05 <\/strong><\/p>\n<p>9 Hs.: Habilitaci\u00f3n de la muestra.<\/p>\n<p>&#8211; 10 Hs.: Charla demostrativa y din\u00e1mica: Disminuci\u00f3n, perdidas de cosechas en cultivo de ma\u00ecz a\/c. del Ing. JUAN GIORDANO (INTA)<\/p>\n<p>12.30 Hs.: Almuerzo.<\/p>\n<p>&#8211; 14.30 Hs. Acto oficial inaugural.<\/p>\n<p>&#8211; 16.00 Hs. Rally de Burros.<\/p>\n<p>&#8211; 21.30 Hs. Baile de la Producci\u00f3n \u2013 Actuar\u00e1n: Pastor Luna y La Fibra. Conduce: Juan Carlos Barros.<\/p>\n<p><strong>&#8211; DOMINGO 6 <\/strong><\/p>\n<p>9 Hs.: Habilitaci\u00f3n de la muestra.<\/p>\n<p>&#8211; 12 Hs.: Almuerzo<\/p>\n<p>17.30 Hs. Espect\u00e1culo Folcl\u00f3rico y cierre de la muestra: * Academia de Danzas Folcl\u00f3ricas.- * D\u00f9o \u201cLos de Minetti\u201d.- * Iv\u00e0n Faisal.- * El Turr\u00f3n Ju\u00e1rez (humorista).- * Omar Chiatti.- * \u201cReencuentro de amigos\u201d * Gastoncito Su\u00e1rez.- Conduce y Anima: Juan Carlos Barros.-<\/p>\n","protected":false},"excerpt":{"rendered":"<p>La Asociaci\u00f3n para el Desarrollo del Dpto. 9 de Julio, ha dispuesto que la edici\u00f3n 2014, de [&hellip;]<\/p>\n","protected":false},"author":2,"featured_media":185,"comment_status":"open","ping_status":"open","sticky":false,"template":"","format":"standard","meta":{"spay_email":"","footnotes":"","jetpack_publicize_message":""},"categories":[5],"tags":[],"jetpack_featured_media_url":"http:\/\/enteculturalsantafesino.com.ar\/usina6\/wp-content\/uploads\/2014\/06\/10506896_585031914950009_2284179439885245288_o-e1403794205561.jpg","jetpack_publicize_connections":[],"jetpack_sharing_enabled":true,"_links":{"self":[{"href":"http:\/\/enteculturalsantafesino.com.ar\/usina6\/wp-json\/wp\/v2\/posts\/184"}],"collection":[{"href":"http:\/\/enteculturalsantafesino.com.ar\/usina6\/wp-json\/wp\/v2\/posts"}],"about":[{"href":"http:\/\/enteculturalsantafesino.com.ar\/usina6\/wp-json\/wp\/v2\/types\/post"}],"author":[{"embeddable":true,"href":"http:\/\/enteculturalsantafesino.com.ar\/usina6\/wp-json\/wp\/v2\/users\/2"}],"replies":[{"embeddable":true,"href":"http:\/\/enteculturalsantafesino.com.ar\/usina6\/wp-json\/wp\/v2\/comments?post=184"}],"version-history":[{"count":0,"href":"http:\/\/enteculturalsantafesino.com.ar\/usina6\/wp-json\/wp\/v2\/posts\/184\/revisions"}],"wp:featuredmedia":[{"embeddable":true,"href":"http:\/\/enteculturalsantafesino.com.ar\/usina6\/wp-json\/wp\/v2\/media\/185"}],"wp:attachment":[{"href":"http:\/\/enteculturalsantafesino.com.ar\/usina6\/wp-json\/wp\/v2\/media?parent=184"}],"wp:term":[{"taxonomy":"category","embeddable":true,"href":"http:\/\/enteculturalsantafesino.com.ar\/usina6\/wp-json\/wp\/v2\/categories?post=184"},{"taxonomy":"post_tag","embeddable":true,"href":"http:\/\/enteculturalsantafesino.com.ar\/usina6\/wp-json\/wp\/v2\/tags?post=184"}],"curies":[{"name":"wp","href":"https:\/\/api.w.org\/{rel}","templated":true}]}}