{"id":212,"date":"2014-07-07T13:52:55","date_gmt":"2014-07-07T13:52:55","guid":{"rendered":"http:\/\/entecultura.com.ar\/usina6\/?p=212"},"modified":"2014-07-07T13:52:55","modified_gmt":"2014-07-07T13:52:55","slug":"logrono-se-realizo-la-4a-edicion-de-feriagro-2014","status":"publish","type":"post","link":"http:\/\/enteculturalsantafesino.com.ar\/usina6\/2014\/07\/logrono-se-realizo-la-4a-edicion-de-feriagro-2014\/","title":{"rendered":"Logro\u00f1o: Se realiz\u00f3 la 4\u00aa Edici\u00f3n de \u00abFeriagro 2014\u00bb"},"content":{"rendered":"<p><span style=\"color: #000000;\"><strong>La cuarta edici\u00f3n de la expo regional se llev\u00f3<a href=\"http:\/\/enteculturalsantafesino.com.ar\/usina6\/wp-content\/uploads\/2014\/07\/10376917_294834667352803_4870324729477007078_n.jpg\"><img loading=\"lazy\" decoding=\"async\" class=\"alignright size-medium wp-image-215\" src=\"http:\/\/enteculturalsantafesino.com.ar\/usina6\/wp-content\/uploads\/2014\/07\/10376917_294834667352803_4870324729477007078_n-300x168.jpg\" alt=\"10376917_294834667352803_4870324729477007078_n\" width=\"300\" height=\"168\" srcset=\"http:\/\/enteculturalsantafesino.com.ar\/usina6\/wp-content\/uploads\/2014\/07\/10376917_294834667352803_4870324729477007078_n-300x168.jpg 300w, http:\/\/enteculturalsantafesino.com.ar\/usina6\/wp-content\/uploads\/2014\/07\/10376917_294834667352803_4870324729477007078_n.jpg 800w\" sizes=\"(max-width: 300px) 100vw, 300px\" \/><\/a> <\/strong><\/span><\/p>\n<p><span style=\"color: #000000;\"><strong>a cabo en la localidad de Logro\u00f1o. <\/strong><\/span><\/p>\n<p><span style=\"color: #000000;\"><strong>La muestra cont\u00f3 con un importante numero de expositores, acompa\u00f1ados <\/strong><\/span><\/p>\n<p><span style=\"color: #000000;\"><strong>por una buena concurrencia de p\u00fablico.<br \/>\n<\/strong><\/span><\/p>\n<p>Despu\u00e9s de tolerar la lluvia, la 4\u00aa edici\u00f3n de la Feriagro 2.014 que se realiza en Logro\u00f1o, concluye este domingo 6 de junio con el fog\u00f3n folkl\u00f3rico. En un principio se la analizaba la posibilidad de suspender las actividades pero con el correr de las horas y viendo que la lluvia no era demasiada en Logro\u00f1o, todo sigui\u00f3 tal estaba previsto. Lo \u00fanico que se suspendi\u00f3 fue el \u00abrally de burros\u00bb.<\/p>\n<p>La Feriagro comenz\u00f3 el viernes con la entrada libre y gratuita, lo que hace que alumnos de escuelas tengan la posibilidad de recorrer el predio el primer d\u00eda, mientras todo se termina de armar y coordinar por parte de la organizaci\u00f3n.<\/p>\n<p>Luego de ver el partido de la selecci\u00f3n Argentina ante B\u00e9lgica en pantalla gigante, se desarroll\u00f3 el acto de apertura de la muestra que cont\u00f3 con la presencia de autoridades. Entre ellas, estuvieron el senador departamental Dr. Ra\u00fal Gramajo, el senador del departamento Rosario, Ing. Miguel Lifschitz, el Secretario de la Producci\u00f3n Luis Contigiani, el titular del Programa Estrat\u00e9gico del Ministerio de Aguas Roberto Camissi, como as\u00ed tambi\u00e9n los presidentes comunales del departamento 9 de Julio y el intendente de Tostado, quienes forman la Asociaci\u00f3n Para de el Desarrollo y su gerente Luis Barbaglia.<\/p>\n<p>Tras el acto, las autoridades recorrieron el predio, que de a poco fue tomando color a medida que las condiciones clim\u00e1ticas iban mejorando y el p\u00fablico fue ingresando.<br \/>\nEl s\u00e1bado a\u00a0 la noche, bajo carpa gigante se realiz\u00f3 el gran bailable con \u00abGrupo La Fibra\u00bb y \u00abPastor Luna\u00bb.<br \/>\nEn tanto que, el domingo 6 de junio, despu\u00e9s del mediod\u00eda tuvo lugar el fog\u00f3n folcl\u00f3rico, con la actuaci\u00f3n de \u00abLos De Minetti\u00bb, el humor de \u00abturr\u00f3n Ju\u00e1rez\u00bb y \u00abOmar Ciatti\u00bb, entre otros artistas.<\/p>\n<p><span style=\"color: #000000;\"><strong>FUENTE: Radio Uno El Nochero<\/strong><\/span><\/p>\n","protected":false},"excerpt":{"rendered":"<p>La cuarta edici\u00f3n de la expo regional se llev\u00f3 a cabo en la localidad de Logro\u00f1o. La [&hellip;]<\/p>\n","protected":false},"author":2,"featured_media":215,"comment_status":"open","ping_status":"open","sticky":false,"template":"","format":"standard","meta":{"spay_email":"","footnotes":"","jetpack_publicize_message":""},"categories":[5],"tags":[],"jetpack_featured_media_url":"http:\/\/enteculturalsantafesino.com.ar\/usina6\/wp-content\/uploads\/2014\/07\/10376917_294834667352803_4870324729477007078_n.jpg","jetpack_publicize_connections":[],"jetpack_sharing_enabled":true,"_links":{"self":[{"href":"http:\/\/enteculturalsantafesino.com.ar\/usina6\/wp-json\/wp\/v2\/posts\/212"}],"collection":[{"href":"http:\/\/enteculturalsantafesino.com.ar\/usina6\/wp-json\/wp\/v2\/posts"}],"about":[{"href":"http:\/\/enteculturalsantafesino.com.ar\/usina6\/wp-json\/wp\/v2\/types\/post"}],"author":[{"embeddable":true,"href":"http:\/\/enteculturalsantafesino.com.ar\/usina6\/wp-json\/wp\/v2\/users\/2"}],"replies":[{"embeddable":true,"href":"http:\/\/enteculturalsantafesino.com.ar\/usina6\/wp-json\/wp\/v2\/comments?post=212"}],"version-history":[{"count":0,"href":"http:\/\/enteculturalsantafesino.com.ar\/usina6\/wp-json\/wp\/v2\/posts\/212\/revisions"}],"wp:featuredmedia":[{"embeddable":true,"href":"http:\/\/enteculturalsantafesino.com.ar\/usina6\/wp-json\/wp\/v2\/media\/215"}],"wp:attachment":[{"href":"http:\/\/enteculturalsantafesino.com.ar\/usina6\/wp-json\/wp\/v2\/media?parent=212"}],"wp:term":[{"taxonomy":"category","embeddable":true,"href":"http:\/\/enteculturalsantafesino.com.ar\/usina6\/wp-json\/wp\/v2\/categories?post=212"},{"taxonomy":"post_tag","embeddable":true,"href":"http:\/\/enteculturalsantafesino.com.ar\/usina6\/wp-json\/wp\/v2\/tags?post=212"}],"curies":[{"name":"wp","href":"https:\/\/api.w.org\/{rel}","templated":true}]}}