{"id":218,"date":"2014-07-10T15:47:16","date_gmt":"2014-07-10T15:47:16","guid":{"rendered":"http:\/\/entecultura.com.ar\/usina6\/?p=218"},"modified":"2014-07-11T12:29:03","modified_gmt":"2014-07-11T12:29:03","slug":"acto-por-el-dia-de-la-independencia-en-tostado","status":"publish","type":"post","link":"http:\/\/enteculturalsantafesino.com.ar\/usina6\/2014\/07\/acto-por-el-dia-de-la-independencia-en-tostado\/","title":{"rendered":"Acto por el D\u00eda de la Independencia en Tostado"},"content":{"rendered":"<p>El <strong>Intendente Municipal Enrique D. Fedele<\/strong>, encabezo el acto central por la conmemoraci\u00f3n de los <strong>198 Aniversario de la Independencia Argentina<\/strong>. Lo hizo acompa\u00f1ado por el Pte. del Honorable Concejo Deliberantes Carlos Lezcano, concejales de los distintos bloques, <a href=\"http:\/\/enteculturalsantafesino.com.ar\/usina6\/wp-content\/uploads\/2014\/07\/DSC01383.jpg\"><img loading=\"lazy\" decoding=\"async\" class=\"alignleft wp-image-229 \" src=\"http:\/\/enteculturalsantafesino.com.ar\/usina6\/wp-content\/uploads\/2014\/07\/DSC01383-300x225.jpg\" alt=\"DSC01383\" width=\"239\" height=\"179\" srcset=\"http:\/\/enteculturalsantafesino.com.ar\/usina6\/wp-content\/uploads\/2014\/07\/DSC01383-300x225.jpg 300w, http:\/\/enteculturalsantafesino.com.ar\/usina6\/wp-content\/uploads\/2014\/07\/DSC01383-1024x768.jpg 1024w, http:\/\/enteculturalsantafesino.com.ar\/usina6\/wp-content\/uploads\/2014\/07\/DSC01383.jpg 1200w\" sizes=\"(max-width: 239px) 100vw, 239px\" \/><\/a>funcionarios de su Gabinete, Jefe de la Unidad XII de Polic\u00eda Comisario Mayor Mario Obreg\u00f3n , Integrante de la Plana Mayor de la Unidad Regional XII de Polic\u00eda Comisario Principal Gerardo Carri\u00f3n, y Jefe del Cuerpo de Bomberos Voluntarios de Tostado Alejandro Bevilacua.<br \/>\nA las 10:30hs. se realizo el Tedeum, celebrado por el Cura P\u00e1rroco Neri Zbrun perteneciente a la Iglesia Cat\u00f3lica Nuestra Se\u00f1ora de la Merced, participaron del mismo el Coro de Ni\u00f1os de la Ciudad de Tostado, el Coro Juvenil Tostadense, y el Coro Polif\u00f3nico de la Ciudad de Tostado. Estos acompa\u00f1aron en la misa con diferentes canciones que amenizaron dicho evento; luego\u00a0 las banderas de ceremonias, las autoridades y las personas presentes se dirigieron juntos\u00a0 a la Plaza 25 de Mayo.<br \/>\nA partir de las 11:30hs.\u00a0 se realizo el acto protocolar, donde primeramente se izo el Pabell\u00f3n <img loading=\"lazy\" decoding=\"async\" class=\"alignright  wp-image-220\" src=\"http:\/\/enteculturalsantafesino.com.ar\/usina6\/wp-content\/uploads\/2014\/07\/10492406_547655585356325_7337555093445564943_n-197x300.jpg\" alt=\"10492406_547655585356325_7337555093445564943_n\" width=\"106\" height=\"161\" srcset=\"http:\/\/enteculturalsantafesino.com.ar\/usina6\/wp-content\/uploads\/2014\/07\/10492406_547655585356325_7337555093445564943_n-197x300.jpg 197w, http:\/\/enteculturalsantafesino.com.ar\/usina6\/wp-content\/uploads\/2014\/07\/10492406_547655585356325_7337555093445564943_n.jpg 632w\" sizes=\"(max-width: 106px) 100vw, 106px\" \/>Nacional, la bandera albiceleste fue elevada por el propio Intendente Enrique Fedele, el Pte. del Honorable Concejo Carlos Lezcano y el Jefe de la Unidad XII de Polic\u00eda Comisario Mayor Mario Obreg\u00f3n.<br \/>\n<img loading=\"lazy\" decoding=\"async\" class=\"alignleft wp-image-233 \" src=\"http:\/\/enteculturalsantafesino.com.ar\/usina6\/wp-content\/uploads\/2014\/07\/21-225x300.jpg\" alt=\"21\" width=\"143\" height=\"191\" srcset=\"http:\/\/enteculturalsantafesino.com.ar\/usina6\/wp-content\/uploads\/2014\/07\/21-225x300.jpg 225w, http:\/\/enteculturalsantafesino.com.ar\/usina6\/wp-content\/uploads\/2014\/07\/21-769x1024.jpg 769w, http:\/\/enteculturalsantafesino.com.ar\/usina6\/wp-content\/uploads\/2014\/07\/21.jpg 902w\" sizes=\"(max-width: 143px) 100vw, 143px\" \/>No pod\u00eda estar ausente en este acto, el s\u00edmbolo de las flores con el que, modestamente, como hombre y mujeres, honramos, por un lado, la memoria de aquellos patriotas que pusieron los cimientos de nuestra actual naci\u00f3n, por el otro lado, ese ideal de libertad y lucha que vive en nuestros corazones aun hoy. De esta manera la Municipalidad de Tostado, el Honorable Concejo Deliberantes, el Club Cultural y Deportivo 9 de Julio y la Sociedad Italiana \u201cXX de Septiembre\u201d, hicieron lo propio colocando cada una de estas instituciones al pie del m\u00e1stil una ofrenda floral.<br \/>\nPosteriormente el Intendente Enrique Fedele dirigi\u00f3 unas palabras para conmemorar este d\u00eda tan especial para los argentinos.<\/p>\n<p>&nbsp;<\/p>\n<p>&nbsp;<\/p>\n","protected":false},"excerpt":{"rendered":"<p>El Intendente Municipal Enrique D. Fedele, encabezo el acto central por la conmemoraci\u00f3n de los 198 Aniversario [&hellip;]<\/p>\n","protected":false},"author":2,"featured_media":221,"comment_status":"open","ping_status":"open","sticky":false,"template":"","format":"standard","meta":{"spay_email":"","footnotes":"","jetpack_publicize_message":""},"categories":[2],"tags":[],"jetpack_featured_media_url":"http:\/\/enteculturalsantafesino.com.ar\/usina6\/wp-content\/uploads\/2014\/07\/10527608_547655192023031_8682792028476741015_n.jpg","jetpack_publicize_connections":[],"jetpack_sharing_enabled":true,"_links":{"self":[{"href":"http:\/\/enteculturalsantafesino.com.ar\/usina6\/wp-json\/wp\/v2\/posts\/218"}],"collection":[{"href":"http:\/\/enteculturalsantafesino.com.ar\/usina6\/wp-json\/wp\/v2\/posts"}],"about":[{"href":"http:\/\/enteculturalsantafesino.com.ar\/usina6\/wp-json\/wp\/v2\/types\/post"}],"author":[{"embeddable":true,"href":"http:\/\/enteculturalsantafesino.com.ar\/usina6\/wp-json\/wp\/v2\/users\/2"}],"replies":[{"embeddable":true,"href":"http:\/\/enteculturalsantafesino.com.ar\/usina6\/wp-json\/wp\/v2\/comments?post=218"}],"version-history":[{"count":0,"href":"http:\/\/enteculturalsantafesino.com.ar\/usina6\/wp-json\/wp\/v2\/posts\/218\/revisions"}],"wp:featuredmedia":[{"embeddable":true,"href":"http:\/\/enteculturalsantafesino.com.ar\/usina6\/wp-json\/wp\/v2\/media\/221"}],"wp:attachment":[{"href":"http:\/\/enteculturalsantafesino.com.ar\/usina6\/wp-json\/wp\/v2\/media?parent=218"}],"wp:term":[{"taxonomy":"category","embeddable":true,"href":"http:\/\/enteculturalsantafesino.com.ar\/usina6\/wp-json\/wp\/v2\/categories?post=218"},{"taxonomy":"post_tag","embeddable":true,"href":"http:\/\/enteculturalsantafesino.com.ar\/usina6\/wp-json\/wp\/v2\/tags?post=218"}],"curies":[{"name":"wp","href":"https:\/\/api.w.org\/{rel}","templated":true}]}}