{"id":22,"date":"2014-03-15T22:14:45","date_gmt":"2014-03-15T22:14:45","guid":{"rendered":"http:\/\/entecultura.com.ar\/usina6\/?p=22"},"modified":"2014-03-15T22:18:37","modified_gmt":"2014-03-15T22:18:37","slug":"en-tostado-se-reunio-la-usina-cultural-vi","status":"publish","type":"post","link":"http:\/\/enteculturalsantafesino.com.ar\/usina6\/2014\/03\/en-tostado-se-reunio-la-usina-cultural-vi\/","title":{"rendered":"En Tostado se reuni\u00f3 la \u00abUsina Cultural VI\u00bb"},"content":{"rendered":"<p><i>En la ma\u00f1ana del viernes 14, se desarroll\u00f3 en las instalaciones del NAC de la comunidad de <strong>Tostado<\/strong> una reuni\u00f3n <a href=\"http:\/\/enteculturalsantafesino.com.ar\/usina6\/wp-content\/uploads\/2014\/03\/SAM_5419.jpg\"><img loading=\"lazy\" decoding=\"async\" class=\"alignright size-medium wp-image-23\" alt=\"SAM_5419\" src=\"http:\/\/enteculturalsantafesino.com.ar\/usina6\/wp-content\/uploads\/2014\/03\/SAM_5419-300x168.jpg\" width=\"300\" height=\"168\" srcset=\"http:\/\/enteculturalsantafesino.com.ar\/usina6\/wp-content\/uploads\/2014\/03\/SAM_5419-300x168.jpg 300w, http:\/\/enteculturalsantafesino.com.ar\/usina6\/wp-content\/uploads\/2014\/03\/SAM_5419-1024x576.jpg 1024w, http:\/\/enteculturalsantafesino.com.ar\/usina6\/wp-content\/uploads\/2014\/03\/SAM_5419.jpg 1200w\" sizes=\"(max-width: 300px) 100vw, 300px\" \/><\/a>informativa y de trabajo con integrantes de la Usina Cultural VI<\/i><\/p>\n<p>De la reuni\u00f3n participaron el <em>Intendente de Tostado Enrique Fedele, el Secretario de Cultura local. Prof. Mario Ramos, el Profesor Fernando Banegas, Coordinador del Programa; el Secretario de Cultura de Ceres, Ernesto Paul\u00f3n, la Responsable del Liceo Municipal de Ceres, Liliana Aro, la Secretaria de Cultura de Logro\u00f1o, Maria Claudia G\u00f3mez, el Presidente Comunal de Pozo Borrado, Sebastian Cornero, la Secretaria de Cultura de Bandera (Santiago del Estero) Carola Mialich, las responsables y referentes de Cultura de Gato Colorado, Natalia Koller y \u00a0Martha Aguirre.<\/em><\/p>\n<p>La palabras de bienvenida las brind\u00f3 el Prof. Mario Ramos quien remarc\u00f3 la importancia de comenzar a trabajar en este proyecto de integraci\u00f3n , fortaleciendo los v\u00ednculos no solo de su regi\u00f3n sino tambi\u00e9n aunar y trabajar en forma conjunta con el resto de las Usinas.<em> \u00abHoy estamos convencidos de que esta herramienta sera un enriquecimiento <a href=\"http:\/\/enteculturalsantafesino.com.ar\/usina6\/wp-content\/uploads\/2014\/03\/tostado-preparatoria-004.jpg\"><img loading=\"lazy\" decoding=\"async\" class=\"alignright size-medium wp-image-24\" alt=\"tostado preparatoria 004\" src=\"http:\/\/enteculturalsantafesino.com.ar\/usina6\/wp-content\/uploads\/2014\/03\/tostado-preparatoria-004-300x225.jpg\" width=\"300\" height=\"225\" srcset=\"http:\/\/enteculturalsantafesino.com.ar\/usina6\/wp-content\/uploads\/2014\/03\/tostado-preparatoria-004-300x225.jpg 300w, http:\/\/enteculturalsantafesino.com.ar\/usina6\/wp-content\/uploads\/2014\/03\/tostado-preparatoria-004-1024x768.jpg 1024w, http:\/\/enteculturalsantafesino.com.ar\/usina6\/wp-content\/uploads\/2014\/03\/tostado-preparatoria-004.jpg 1200w\" sizes=\"(max-width: 300px) 100vw, 300px\" \/><\/a>cultural para todos los pueblos y ciudades de nuestra provincia\u00bb.<\/em><\/p>\n<p>El Ente es un organismo cultural que promueve las pol\u00edticas culturales de las comunidades de la Provincia de Santa Fe, cuya finalidad es establecer una herramienta estable de comunicaci\u00f3n que permita la relaci\u00f3n y vinculaci\u00f3n, proyectando actividades entre los organismos de cultura interesados en sumarse a al mismo. Esta iniciativa,\u00a0promueve diversos proyectos, presentados durante la reuni\u00f3n, entre los que se encuentran: \u201cCabildo Cultural Santafesino\u201d, \u201cCompartiendo Cultura\u201d, \u201c\u00c1mbito C\u201d, \u201cDe pueblo en pueblo\u201d, \u201cForma y Color\u201d, \u201cFiesta de los pueblos\u201d y \u201cVademecum Cultural\u201d. Cada uno de ellos plantea una propuesta diferente que tiene como finalidad difundir, promover y fortalecer los recursos culturales propios del lugar, a un bajo costo. De este modo, el espacio intenta incluir, \u00a0a trav\u00e9s de un sitio Web (<a href=\"http:\/\/www.enteculturalsantafesino.com.ar\/\" target=\"_blank\">www.enteculturalsantafesino.com.ar<\/a>), a las Fiestas Populares de cada comunidad, \u00a0a\u00a0los eventos culturales que se llevan a cabo, a artistas pl\u00e1sticos, m\u00fasicos, escritores locales, etc.<\/p>\n<p>Durante el encuentro, adem\u00e1s de presentar el programa completo, se invit\u00f3 a las comunidades presentes a formar parte del mismo. El ente est\u00e1 dividido en siete regiones denominadas Usinas, entre las cuales, dichas comunidades conformaran la Usina VI<\/p>\n<p>Para finalizar, se dio a conocer que la \u201cAsamblea General\u201d y la \u201cPresentaci\u00f3n del Plan de Trabajo 2014\u2033 se llevar\u00e1 a cabo el d\u00eda 28 de marzo a partir de las 19hs. en la ciudad de Esperanza. De la misma participar\u00e1n las comunidades adheridas junto a Autoridades Nacionales, Provinciales, Regionales y locales.<\/p>\n","protected":false},"excerpt":{"rendered":"<p>En la ma\u00f1ana del viernes 14, se desarroll\u00f3 en las instalaciones del NAC de la comunidad de [&hellip;]<\/p>\n","protected":false},"author":2,"featured_media":23,"comment_status":"open","ping_status":"open","sticky":false,"template":"","format":"standard","meta":{"spay_email":"","footnotes":"","jetpack_publicize_message":""},"categories":[4,2],"tags":[],"jetpack_featured_media_url":"http:\/\/enteculturalsantafesino.com.ar\/usina6\/wp-content\/uploads\/2014\/03\/SAM_5419.jpg","jetpack_publicize_connections":[],"jetpack_sharing_enabled":true,"_links":{"self":[{"href":"http:\/\/enteculturalsantafesino.com.ar\/usina6\/wp-json\/wp\/v2\/posts\/22"}],"collection":[{"href":"http:\/\/enteculturalsantafesino.com.ar\/usina6\/wp-json\/wp\/v2\/posts"}],"about":[{"href":"http:\/\/enteculturalsantafesino.com.ar\/usina6\/wp-json\/wp\/v2\/types\/post"}],"author":[{"embeddable":true,"href":"http:\/\/enteculturalsantafesino.com.ar\/usina6\/wp-json\/wp\/v2\/users\/2"}],"replies":[{"embeddable":true,"href":"http:\/\/enteculturalsantafesino.com.ar\/usina6\/wp-json\/wp\/v2\/comments?post=22"}],"version-history":[{"count":0,"href":"http:\/\/enteculturalsantafesino.com.ar\/usina6\/wp-json\/wp\/v2\/posts\/22\/revisions"}],"wp:featuredmedia":[{"embeddable":true,"href":"http:\/\/enteculturalsantafesino.com.ar\/usina6\/wp-json\/wp\/v2\/media\/23"}],"wp:attachment":[{"href":"http:\/\/enteculturalsantafesino.com.ar\/usina6\/wp-json\/wp\/v2\/media?parent=22"}],"wp:term":[{"taxonomy":"category","embeddable":true,"href":"http:\/\/enteculturalsantafesino.com.ar\/usina6\/wp-json\/wp\/v2\/categories?post=22"},{"taxonomy":"post_tag","embeddable":true,"href":"http:\/\/enteculturalsantafesino.com.ar\/usina6\/wp-json\/wp\/v2\/tags?post=22"}],"curies":[{"name":"wp","href":"https:\/\/api.w.org\/{rel}","templated":true}]}}