{"id":34,"date":"2014-03-27T13:54:36","date_gmt":"2014-03-27T13:54:36","guid":{"rendered":"http:\/\/entecultura.com.ar\/usina6\/?p=34"},"modified":"2014-03-27T14:26:55","modified_gmt":"2014-03-27T14:26:55","slug":"tostado-acto-por-el-dia-de-la-memoria-por-la-verdad-y-la-justicia","status":"publish","type":"post","link":"http:\/\/enteculturalsantafesino.com.ar\/usina6\/2014\/03\/tostado-acto-por-el-dia-de-la-memoria-por-la-verdad-y-la-justicia\/","title":{"rendered":"Tostado: Acto por el D\u00eda de la Memoria la Verdad y la Justicia"},"content":{"rendered":"<p><!--[if gte mso 9]><xml>\n<w:WordDocument>\n<w:View>Normal<\/w:View>\n<w:Zoom>0<\/w:Zoom>\n<w:HyphenationZone>21<\/w:HyphenationZone>\n<w:PunctuationKerning\/>\n<w:ValidateAgainstSchemas\/>\n<w:SaveIfXMLInvalid>false<\/w:SaveIfXMLInvalid>\n<w:IgnoreMixedContent>false<\/w:IgnoreMixedContent>\n<w:AlwaysShowPlaceholderText>false<\/w:AlwaysShowPlaceholderText>\n<w:Compatibility>\n<w:BreakWrappedTables\/>\n<w:SnapToGridInCell\/>\n<w:WrapTextWithPunct\/>\n<w:UseAsianBreakRules\/>\n<w:DontGrowAutofit\/>\n<\/w:Compatibility>\n<w:BrowserLevel>MicrosoftInternetExplorer4<\/w:BrowserLevel>\n<\/w:WordDocument>\n<\/xml><![endif]--><\/p>\n<p><!--[if gte mso 9]><xml>\n<w:LatentStyles DefLockedState=\"false\" LatentStyleCount=\"156\">\n<\/w:LatentStyles>\n<\/xml><![endif]--><!--[if !mso]><object classid=\"clsid:38481807-CA0E-42D2-BF39-B33AF135CC4D\" id=ieooui><\/object>\n\n\n\n<style>\nst1\\:*{behavior:url(#ieooui) }\n<\/style>\n\n<![endif]--><!--[if gte mso 10]>\n\n\n\n<style>\n \/* Style Definitions *\/\ntable.MsoNormalTable\n{mso-style-name:\"Tabla normal\";\nmso-tstyle-rowband-size:0;\nmso-tstyle-colband-size:0;\nmso-style-noshow:yes;\nmso-style-parent:\"\";\nmso-padding-alt:0cm 5.4pt 0cm 5.4pt;\nmso-para-margin:0cm;\nmso-para-margin-bottom:.0001pt;\nmso-pagination:widow-orphan;\nfont-size:10.0pt;\nfont-family:\"Times New Roman\";\nmso-ansi-language:#0400;\nmso-fareast-language:#0400;\nmso-bidi-language:#0400;}\n<\/style>\n\n<![endif]--><\/p>\n<p style=\"text-align: justify;\">En la ma\u00f1ana del lunes 24 de marzo, en el marco del D\u00eda Nacional de la Memoria por la Verdad y la Justicia, que recuerda el inicio de la dictadura c\u00edvico militar en 1976, se realiz\u00f3 un sencillo y emotivo acto. El mismo tuvo lugar en la plaza central 25 de mayo.<\/p>\n<p style=\"text-align: justify;\"><a href=\"http:\/\/enteculturalsantafesino.com.ar\/usina6\/wp-content\/uploads\/2014\/03\/enrique.jpg\"><img loading=\"lazy\" decoding=\"async\" class=\"alignright  wp-image-37\" alt=\"enrique\" src=\"http:\/\/enteculturalsantafesino.com.ar\/usina6\/wp-content\/uploads\/2014\/03\/enrique-300x200.jpg\" width=\"268\" height=\"178\" srcset=\"http:\/\/enteculturalsantafesino.com.ar\/usina6\/wp-content\/uploads\/2014\/03\/enrique-300x200.jpg 300w, http:\/\/enteculturalsantafesino.com.ar\/usina6\/wp-content\/uploads\/2014\/03\/enrique-1024x682.jpg 1024w, http:\/\/enteculturalsantafesino.com.ar\/usina6\/wp-content\/uploads\/2014\/03\/enrique.jpg 1200w\" sizes=\"(max-width: 268px) 100vw, 268px\" \/><\/a><\/p>\n<p style=\"text-align: justify;\">Se hicieron presentes el Intendente\u00a0 Enrique D. Fedele, y dem\u00e1s autoridades locales, alumnos y docentes de las distintas escuelas, representantes de distintas instituciones intermedias y p\u00fablico en general.<\/p>\n<p class=\"MsoNormal\" style=\"text-align: justify;\">El acto cont\u00f3 con las palabras del Prof. Javier Albrecht, representante de AMSAFE 9 de Julio, quien realiz\u00f3 un destacado relato y reflexiono sobre los sucesos de la dictadura, posteriormente, tomo la palabra el Sr. Marcelo Gonz\u00e1lez quien fuera en su momento docente, militante y ex-preso pol\u00edtico, este nos relato su experiencia durante los a\u00f1os de la dictadura.<\/p>\n<p class=\"MsoNormal\" style=\"text-align: justify;\">En el encuentro, se record\u00f3 a Juan Carlos Berastegui, Edi Cravero, Ricardo Miguel Biegkler, Franklin Goizueta, Estela Maldonado, tostadenses victimas de la represi\u00f3n.<\/p>\n<p class=\"MsoNormal\" style=\"text-align: justify;\">A su vez, se coloc\u00f3 las ofrendas florales en el sitio donde se hubica la placa en Homenaje a los Hijos de Tostado, donde est\u00e1n los nombres de las v\u00edctimas locales de la dictadura militar.<\/p>\n<p class=\"MsoNormal\" style=\"text-align: justify;\">Para dar por culminado el acto el Sr. Intendente Municipal dirigi\u00f3 unas palabras a los presentes.<\/p>\n<p class=\"MsoNormal\" style=\"text-align: justify;\">\u00a0<a href=\"http:\/\/enteculturalsantafesino.com.ar\/usina6\/wp-content\/uploads\/2014\/03\/IMG_5741.jpg\"><img loading=\"lazy\" decoding=\"async\" class=\"alignright  wp-image-36\" alt=\"IMG_5741\" src=\"http:\/\/enteculturalsantafesino.com.ar\/usina6\/wp-content\/uploads\/2014\/03\/IMG_5741-300x200.jpg\" width=\"300\" height=\"200\" srcset=\"http:\/\/enteculturalsantafesino.com.ar\/usina6\/wp-content\/uploads\/2014\/03\/IMG_5741-300x200.jpg 300w, http:\/\/enteculturalsantafesino.com.ar\/usina6\/wp-content\/uploads\/2014\/03\/IMG_5741-1024x682.jpg 1024w, http:\/\/enteculturalsantafesino.com.ar\/usina6\/wp-content\/uploads\/2014\/03\/IMG_5741.jpg 1200w\" sizes=\"(max-width: 300px) 100vw, 300px\" \/><\/a><\/p>\n<p class=\"MsoNormal\" style=\"text-align: justify;\">Por la tarde, AMSAFE 9 de Julio, ATE Tostado y el Movimiento Evita Tostado, acompa\u00f1ados por la Secretar\u00eda de Cultura Deporte y Juventud,\u00a0 realizaron el Festival por la MEMORIA, LA VERDAD Y LA JUSTICIA, participaron bandas de rock, rap, folclore y la Murga \u201cLos sin cadenas\u201d, se proyectaron films en conmemoraci\u00f3n a esta fecha. Se unieron a este evento las personas que conforman\u00a0 la Feria Franca Tostado.<\/p>\n","protected":false},"excerpt":{"rendered":"<p>En la ma\u00f1ana del lunes 24 de marzo, en el marco del D\u00eda Nacional de la Memoria [&hellip;]<\/p>\n","protected":false},"author":2,"featured_media":36,"comment_status":"open","ping_status":"open","sticky":false,"template":"","format":"standard","meta":{"spay_email":"","footnotes":"","jetpack_publicize_message":""},"categories":[2],"tags":[],"jetpack_featured_media_url":"http:\/\/enteculturalsantafesino.com.ar\/usina6\/wp-content\/uploads\/2014\/03\/IMG_5741.jpg","jetpack_publicize_connections":[],"jetpack_sharing_enabled":true,"_links":{"self":[{"href":"http:\/\/enteculturalsantafesino.com.ar\/usina6\/wp-json\/wp\/v2\/posts\/34"}],"collection":[{"href":"http:\/\/enteculturalsantafesino.com.ar\/usina6\/wp-json\/wp\/v2\/posts"}],"about":[{"href":"http:\/\/enteculturalsantafesino.com.ar\/usina6\/wp-json\/wp\/v2\/types\/post"}],"author":[{"embeddable":true,"href":"http:\/\/enteculturalsantafesino.com.ar\/usina6\/wp-json\/wp\/v2\/users\/2"}],"replies":[{"embeddable":true,"href":"http:\/\/enteculturalsantafesino.com.ar\/usina6\/wp-json\/wp\/v2\/comments?post=34"}],"version-history":[{"count":0,"href":"http:\/\/enteculturalsantafesino.com.ar\/usina6\/wp-json\/wp\/v2\/posts\/34\/revisions"}],"wp:featuredmedia":[{"embeddable":true,"href":"http:\/\/enteculturalsantafesino.com.ar\/usina6\/wp-json\/wp\/v2\/media\/36"}],"wp:attachment":[{"href":"http:\/\/enteculturalsantafesino.com.ar\/usina6\/wp-json\/wp\/v2\/media?parent=34"}],"wp:term":[{"taxonomy":"category","embeddable":true,"href":"http:\/\/enteculturalsantafesino.com.ar\/usina6\/wp-json\/wp\/v2\/categories?post=34"},{"taxonomy":"post_tag","embeddable":true,"href":"http:\/\/enteculturalsantafesino.com.ar\/usina6\/wp-json\/wp\/v2\/tags?post=34"}],"curies":[{"name":"wp","href":"https:\/\/api.w.org\/{rel}","templated":true}]}}