{"id":635,"date":"2015-08-04T06:39:10","date_gmt":"2015-08-04T06:39:10","guid":{"rendered":"http:\/\/entecultura.com.ar\/usina6\/?p=635"},"modified":"2015-08-04T06:39:10","modified_gmt":"2015-08-04T06:39:10","slug":"se-pinto-el-primer-faro-del-campo-en-gato-colorado","status":"publish","type":"post","link":"http:\/\/enteculturalsantafesino.com.ar\/usina6\/2015\/08\/se-pinto-el-primer-faro-del-campo-en-gato-colorado\/","title":{"rendered":"Se pint\u00f3 el primer \u00abFaro del campo\u00bb en Gato Colorado"},"content":{"rendered":"\n\t\t<style type=\"text\/css\">\n\t\t\t#gallery-1 {\n\t\t\t\tmargin: auto;\n\t\t\t}\n\t\t\t#gallery-1 .gallery-item {\n\t\t\t\tfloat: left;\n\t\t\t\tmargin-top: 10px;\n\t\t\t\ttext-align: center;\n\t\t\t\twidth: 20%;\n\t\t\t}\n\t\t\t#gallery-1 img {\n\t\t\t\tborder: 2px solid #cfcfcf;\n\t\t\t}\n\t\t\t#gallery-1 .gallery-caption {\n\t\t\t\tmargin-left: 0;\n\t\t\t}\n\t\t\t\/* see gallery_shortcode() in wp-includes\/media.php *\/\n\t\t<\/style>\n\t\t<div id='gallery-1' class='gallery galleryid-635 gallery-columns-5 gallery-size-thumbnail'><dl class='gallery-item'>\n\t\t\t<dt class='gallery-icon landscape'>\n\t\t\t\t<a href='http:\/\/enteculturalsantafesino.com.ar\/usina6\/2015\/08\/se-pinto-el-primer-faro-del-campo-en-gato-colorado\/unnamed-5\/'><img loading=\"lazy\" decoding=\"async\" width=\"150\" height=\"150\" src=\"http:\/\/enteculturalsantafesino.com.ar\/usina6\/wp-content\/uploads\/2015\/08\/unnamed-5-150x150.jpg\" class=\"attachment-thumbnail size-thumbnail\" alt=\"\" srcset=\"http:\/\/enteculturalsantafesino.com.ar\/usina6\/wp-content\/uploads\/2015\/08\/unnamed-5-150x150.jpg 150w, http:\/\/enteculturalsantafesino.com.ar\/usina6\/wp-content\/uploads\/2015\/08\/unnamed-5-53x53.jpg 53w\" sizes=\"(max-width: 150px) 100vw, 150px\" \/><\/a>\n\t\t\t<\/dt><\/dl><dl class='gallery-item'>\n\t\t\t<dt class='gallery-icon landscape'>\n\t\t\t\t<a href='http:\/\/enteculturalsantafesino.com.ar\/usina6\/2015\/08\/se-pinto-el-primer-faro-del-campo-en-gato-colorado\/unnamed-4\/'><img loading=\"lazy\" decoding=\"async\" width=\"150\" height=\"150\" src=\"http:\/\/enteculturalsantafesino.com.ar\/usina6\/wp-content\/uploads\/2015\/08\/unnamed-4-150x150.jpg\" class=\"attachment-thumbnail size-thumbnail\" alt=\"\" srcset=\"http:\/\/enteculturalsantafesino.com.ar\/usina6\/wp-content\/uploads\/2015\/08\/unnamed-4-150x150.jpg 150w, http:\/\/enteculturalsantafesino.com.ar\/usina6\/wp-content\/uploads\/2015\/08\/unnamed-4-53x53.jpg 53w\" sizes=\"(max-width: 150px) 100vw, 150px\" \/><\/a>\n\t\t\t<\/dt><\/dl><dl class='gallery-item'>\n\t\t\t<dt class='gallery-icon landscape'>\n\t\t\t\t<a href='http:\/\/enteculturalsantafesino.com.ar\/usina6\/2015\/08\/se-pinto-el-primer-faro-del-campo-en-gato-colorado\/unnamed-3\/'><img loading=\"lazy\" decoding=\"async\" width=\"150\" height=\"150\" src=\"http:\/\/enteculturalsantafesino.com.ar\/usina6\/wp-content\/uploads\/2015\/08\/unnamed-3-150x150.jpg\" class=\"attachment-thumbnail size-thumbnail\" alt=\"\" srcset=\"http:\/\/enteculturalsantafesino.com.ar\/usina6\/wp-content\/uploads\/2015\/08\/unnamed-3-150x150.jpg 150w, http:\/\/enteculturalsantafesino.com.ar\/usina6\/wp-content\/uploads\/2015\/08\/unnamed-3-53x53.jpg 53w\" sizes=\"(max-width: 150px) 100vw, 150px\" \/><\/a>\n\t\t\t<\/dt><\/dl><dl class='gallery-item'>\n\t\t\t<dt class='gallery-icon landscape'>\n\t\t\t\t<a href='http:\/\/enteculturalsantafesino.com.ar\/usina6\/2015\/08\/se-pinto-el-primer-faro-del-campo-en-gato-colorado\/unnamed-2\/'><img loading=\"lazy\" decoding=\"async\" width=\"150\" height=\"150\" src=\"http:\/\/enteculturalsantafesino.com.ar\/usina6\/wp-content\/uploads\/2015\/08\/unnamed-2-150x150.jpg\" class=\"attachment-thumbnail size-thumbnail\" alt=\"\" srcset=\"http:\/\/enteculturalsantafesino.com.ar\/usina6\/wp-content\/uploads\/2015\/08\/unnamed-2-150x150.jpg 150w, http:\/\/enteculturalsantafesino.com.ar\/usina6\/wp-content\/uploads\/2015\/08\/unnamed-2-53x53.jpg 53w\" sizes=\"(max-width: 150px) 100vw, 150px\" \/><\/a>\n\t\t\t<\/dt><\/dl><dl class='gallery-item'>\n\t\t\t<dt class='gallery-icon landscape'>\n\t\t\t\t<a href='http:\/\/enteculturalsantafesino.com.ar\/usina6\/2015\/08\/se-pinto-el-primer-faro-del-campo-en-gato-colorado\/unnamed-14\/'><img loading=\"lazy\" decoding=\"async\" width=\"150\" height=\"150\" src=\"http:\/\/enteculturalsantafesino.com.ar\/usina6\/wp-content\/uploads\/2015\/08\/unnamed-14-150x150.jpg\" class=\"attachment-thumbnail size-thumbnail\" alt=\"\" srcset=\"http:\/\/enteculturalsantafesino.com.ar\/usina6\/wp-content\/uploads\/2015\/08\/unnamed-14-150x150.jpg 150w, http:\/\/enteculturalsantafesino.com.ar\/usina6\/wp-content\/uploads\/2015\/08\/unnamed-14-53x53.jpg 53w\" sizes=\"(max-width: 150px) 100vw, 150px\" \/><\/a>\n\t\t\t<\/dt><\/dl><br style=\"clear: both\" \/><dl class='gallery-item'>\n\t\t\t<dt class='gallery-icon portrait'>\n\t\t\t\t<a href='http:\/\/enteculturalsantafesino.com.ar\/usina6\/2015\/08\/se-pinto-el-primer-faro-del-campo-en-gato-colorado\/unnamed-13\/'><img loading=\"lazy\" decoding=\"async\" width=\"150\" height=\"150\" src=\"http:\/\/enteculturalsantafesino.com.ar\/usina6\/wp-content\/uploads\/2015\/08\/unnamed-13-150x150.jpg\" class=\"attachment-thumbnail size-thumbnail\" alt=\"\" srcset=\"http:\/\/enteculturalsantafesino.com.ar\/usina6\/wp-content\/uploads\/2015\/08\/unnamed-13-150x150.jpg 150w, http:\/\/enteculturalsantafesino.com.ar\/usina6\/wp-content\/uploads\/2015\/08\/unnamed-13-53x53.jpg 53w\" sizes=\"(max-width: 150px) 100vw, 150px\" \/><\/a>\n\t\t\t<\/dt><\/dl><dl class='gallery-item'>\n\t\t\t<dt class='gallery-icon landscape'>\n\t\t\t\t<a href='http:\/\/enteculturalsantafesino.com.ar\/usina6\/2015\/08\/se-pinto-el-primer-faro-del-campo-en-gato-colorado\/unnamed-12\/'><img loading=\"lazy\" decoding=\"async\" width=\"150\" height=\"150\" src=\"http:\/\/enteculturalsantafesino.com.ar\/usina6\/wp-content\/uploads\/2015\/08\/unnamed-12-150x150.jpg\" class=\"attachment-thumbnail size-thumbnail\" alt=\"\" srcset=\"http:\/\/enteculturalsantafesino.com.ar\/usina6\/wp-content\/uploads\/2015\/08\/unnamed-12-150x150.jpg 150w, http:\/\/enteculturalsantafesino.com.ar\/usina6\/wp-content\/uploads\/2015\/08\/unnamed-12-53x53.jpg 53w\" sizes=\"(max-width: 150px) 100vw, 150px\" \/><\/a>\n\t\t\t<\/dt><\/dl><dl class='gallery-item'>\n\t\t\t<dt class='gallery-icon portrait'>\n\t\t\t\t<a href='http:\/\/enteculturalsantafesino.com.ar\/usina6\/2015\/08\/se-pinto-el-primer-faro-del-campo-en-gato-colorado\/unnamed-11\/'><img loading=\"lazy\" decoding=\"async\" width=\"150\" height=\"150\" src=\"http:\/\/enteculturalsantafesino.com.ar\/usina6\/wp-content\/uploads\/2015\/08\/unnamed-11-150x150.jpg\" class=\"attachment-thumbnail size-thumbnail\" alt=\"\" srcset=\"http:\/\/enteculturalsantafesino.com.ar\/usina6\/wp-content\/uploads\/2015\/08\/unnamed-11-150x150.jpg 150w, http:\/\/enteculturalsantafesino.com.ar\/usina6\/wp-content\/uploads\/2015\/08\/unnamed-11-53x53.jpg 53w\" sizes=\"(max-width: 150px) 100vw, 150px\" \/><\/a>\n\t\t\t<\/dt><\/dl><dl class='gallery-item'>\n\t\t\t<dt class='gallery-icon landscape'>\n\t\t\t\t<a href='http:\/\/enteculturalsantafesino.com.ar\/usina6\/2015\/08\/se-pinto-el-primer-faro-del-campo-en-gato-colorado\/unnamed-10\/'><img loading=\"lazy\" decoding=\"async\" width=\"150\" height=\"150\" src=\"http:\/\/enteculturalsantafesino.com.ar\/usina6\/wp-content\/uploads\/2015\/08\/unnamed-10-150x150.jpg\" class=\"attachment-thumbnail size-thumbnail\" alt=\"\" srcset=\"http:\/\/enteculturalsantafesino.com.ar\/usina6\/wp-content\/uploads\/2015\/08\/unnamed-10-150x150.jpg 150w, http:\/\/enteculturalsantafesino.com.ar\/usina6\/wp-content\/uploads\/2015\/08\/unnamed-10-53x53.jpg 53w\" sizes=\"(max-width: 150px) 100vw, 150px\" \/><\/a>\n\t\t\t<\/dt><\/dl><dl class='gallery-item'>\n\t\t\t<dt class='gallery-icon landscape'>\n\t\t\t\t<a href='http:\/\/enteculturalsantafesino.com.ar\/usina6\/2015\/08\/se-pinto-el-primer-faro-del-campo-en-gato-colorado\/unnamed-9\/'><img loading=\"lazy\" decoding=\"async\" width=\"150\" height=\"150\" src=\"http:\/\/enteculturalsantafesino.com.ar\/usina6\/wp-content\/uploads\/2015\/08\/unnamed-9-150x150.jpg\" class=\"attachment-thumbnail size-thumbnail\" alt=\"\" srcset=\"http:\/\/enteculturalsantafesino.com.ar\/usina6\/wp-content\/uploads\/2015\/08\/unnamed-9-150x150.jpg 150w, http:\/\/enteculturalsantafesino.com.ar\/usina6\/wp-content\/uploads\/2015\/08\/unnamed-9-53x53.jpg 53w\" sizes=\"(max-width: 150px) 100vw, 150px\" \/><\/a>\n\t\t\t<\/dt><\/dl><br style=\"clear: both\" \/><dl class='gallery-item'>\n\t\t\t<dt class='gallery-icon landscape'>\n\t\t\t\t<a href='http:\/\/enteculturalsantafesino.com.ar\/usina6\/2015\/08\/se-pinto-el-primer-faro-del-campo-en-gato-colorado\/unnamed-8\/'><img loading=\"lazy\" decoding=\"async\" width=\"150\" height=\"150\" src=\"http:\/\/enteculturalsantafesino.com.ar\/usina6\/wp-content\/uploads\/2015\/08\/unnamed-8-150x150.jpg\" class=\"attachment-thumbnail size-thumbnail\" alt=\"\" srcset=\"http:\/\/enteculturalsantafesino.com.ar\/usina6\/wp-content\/uploads\/2015\/08\/unnamed-8-150x150.jpg 150w, http:\/\/enteculturalsantafesino.com.ar\/usina6\/wp-content\/uploads\/2015\/08\/unnamed-8-53x53.jpg 53w\" sizes=\"(max-width: 150px) 100vw, 150px\" \/><\/a>\n\t\t\t<\/dt><\/dl><dl class='gallery-item'>\n\t\t\t<dt class='gallery-icon landscape'>\n\t\t\t\t<a href='http:\/\/enteculturalsantafesino.com.ar\/usina6\/2015\/08\/se-pinto-el-primer-faro-del-campo-en-gato-colorado\/unnamed-7\/'><img loading=\"lazy\" decoding=\"async\" width=\"150\" height=\"150\" src=\"http:\/\/enteculturalsantafesino.com.ar\/usina6\/wp-content\/uploads\/2015\/08\/unnamed-7-150x150.jpg\" class=\"attachment-thumbnail size-thumbnail\" alt=\"\" srcset=\"http:\/\/enteculturalsantafesino.com.ar\/usina6\/wp-content\/uploads\/2015\/08\/unnamed-7-150x150.jpg 150w, http:\/\/enteculturalsantafesino.com.ar\/usina6\/wp-content\/uploads\/2015\/08\/unnamed-7-53x53.jpg 53w\" sizes=\"(max-width: 150px) 100vw, 150px\" \/><\/a>\n\t\t\t<\/dt><\/dl><dl class='gallery-item'>\n\t\t\t<dt class='gallery-icon landscape'>\n\t\t\t\t<a href='http:\/\/enteculturalsantafesino.com.ar\/usina6\/2015\/08\/se-pinto-el-primer-faro-del-campo-en-gato-colorado\/unnamed-6\/'><img loading=\"lazy\" decoding=\"async\" width=\"150\" height=\"150\" src=\"http:\/\/enteculturalsantafesino.com.ar\/usina6\/wp-content\/uploads\/2015\/08\/unnamed-6-150x150.jpg\" class=\"attachment-thumbnail size-thumbnail\" alt=\"\" srcset=\"http:\/\/enteculturalsantafesino.com.ar\/usina6\/wp-content\/uploads\/2015\/08\/unnamed-6-150x150.jpg 150w, http:\/\/enteculturalsantafesino.com.ar\/usina6\/wp-content\/uploads\/2015\/08\/unnamed-6-53x53.jpg 53w\" sizes=\"(max-width: 150px) 100vw, 150px\" \/><\/a>\n\t\t\t<\/dt><\/dl><dl class='gallery-item'>\n\t\t\t<dt class='gallery-icon portrait'>\n\t\t\t\t<a href='http:\/\/enteculturalsantafesino.com.ar\/usina6\/2015\/08\/se-pinto-el-primer-faro-del-campo-en-gato-colorado\/unnamed-1\/'><img loading=\"lazy\" decoding=\"async\" width=\"150\" height=\"150\" src=\"http:\/\/enteculturalsantafesino.com.ar\/usina6\/wp-content\/uploads\/2015\/08\/unnamed-1-150x150.jpg\" class=\"attachment-thumbnail size-thumbnail\" alt=\"\" srcset=\"http:\/\/enteculturalsantafesino.com.ar\/usina6\/wp-content\/uploads\/2015\/08\/unnamed-1-150x150.jpg 150w, http:\/\/enteculturalsantafesino.com.ar\/usina6\/wp-content\/uploads\/2015\/08\/unnamed-1-53x53.jpg 53w\" sizes=\"(max-width: 150px) 100vw, 150px\" \/><\/a>\n\t\t\t<\/dt><\/dl><dl class='gallery-item'>\n\t\t\t<dt class='gallery-icon landscape'>\n\t\t\t\t<a href='http:\/\/enteculturalsantafesino.com.ar\/usina6\/2015\/08\/se-pinto-el-primer-faro-del-campo-en-gato-colorado\/unnamed\/'><img loading=\"lazy\" decoding=\"async\" width=\"150\" height=\"150\" src=\"http:\/\/enteculturalsantafesino.com.ar\/usina6\/wp-content\/uploads\/2015\/08\/unnamed-150x150.jpg\" class=\"attachment-thumbnail size-thumbnail\" alt=\"\" srcset=\"http:\/\/enteculturalsantafesino.com.ar\/usina6\/wp-content\/uploads\/2015\/08\/unnamed-150x150.jpg 150w, http:\/\/enteculturalsantafesino.com.ar\/usina6\/wp-content\/uploads\/2015\/08\/unnamed-53x53.jpg 53w\" sizes=\"(max-width: 150px) 100vw, 150px\" \/><\/a>\n\t\t\t<\/dt><\/dl><br style=\"clear: both\" \/>\n\t\t<\/div>\n\n<p>El cielo de nuestro norte santafesino presagiaba una jornada emotiva con mucha m\u00edstica y participaci\u00f3n.<\/p>\n<p>Los caminos conduc\u00edan hacia la regi\u00f3n chaque\u00f1a y la integraci\u00f3n de distintos puntos cardinales de nuestra \u00abbota invencible\u00bb dec\u00edan presente.<\/p>\n<p>El \u00faltimo<strong> s\u00e1bado 1<\/strong>\u00a0en <strong>Gato Colorado<\/strong> (Depto 9 de julio) el Primer <strong>\u00abFaro del Campo\u00bb<\/strong> comenzaba a dar a luz desde el latido comunitario y creativo, gestado desde la comarca que conforma a la <strong>Usina Cultural VI.<\/strong><\/p>\n<p><strong>Nicolas Stancich<\/strong> de <strong>Mar\u00eda Teresa<\/strong> \u00a0(Depto General L\u00f3pez) fue el responsable de coordinar el Proyecto inspirado por la <strong>Prof Guillermina Milocco<\/strong> (Sastre), el cual posee la finalidad de iluminar\u00a0los caminos culturales que se unen a trav\u00e9s del<strong> Ente Cultural Santafesino.<\/strong><\/p>\n<p>El joven artista ya frente a la pared en blanco situada a la vera de la RN 95 a escasos kil\u00f3metros del l\u00edmite con la provincia del <a title=\"Provincia del Chaco\" href=\"https:\/\/es.wikipedia.org\/wiki\/Provincia_del_Chaco\">Chaco<\/a>\u00a0fue\u00a0diferenciando distintas t\u00e9cnicas y explicando los pasos a llevar a cabo en este emprendimiento cultural comunitario.<\/p>\n<p>Ya pincel en mano, comenzaron a aparecer en la pared las primeras<em> \u00abFormas\u00bb<\/em>, los primeros <em>\u00abColores<\/em>\u00ab;los cuales iban\u00a0reflejando\u00a0el\u00a0paisaje tradicional de la zona, resaltando la bonom\u00eda de su gente,\u00a0la\u00a0calidez de sus pobladores, el compartir, el respeto al semejante y de forma muy especial el \u00e1ngel que el Ente posee en el cielo y gu\u00eda sus\u00a0pasos.<\/p>\n<p><strong>\u00abFaro de Campo\u00bb<\/strong> par\u00edo su primer sue\u00f1o, su primera gu\u00eda cultural la cual\u00a0quedar\u00e1 perpetuada all\u00e1 tan lejos donde <em>\u00abel olvido se hace distancia y\u00a0el silencio huele a calor\u00bb<\/em> . All\u00e1 en Gato Colorado, donde muchas manos de santafesinos trabajaron,\u00a0se integraron permitiendo el abrazo de los puntos cardinales en una provincia diversa pero muy rica en capital humano y desarrollo cultural.<\/p>\n<p><strong>Pr\u00f3ximos Faros de Campo:<\/strong><\/p>\n<p>Usina V: San Guillermo-8 de agosto<\/p>\n<p>Usina III : Carreras &#8211; 15 de Agosto<\/p>\n<p>Usina IV: Arroyo Leyes &#8211; 22 de agosto<\/p>\n<p>Usina I: Los Cardos &#8211; 29 de agosto<\/p>\n<p>Usina II: Nuevo Torino &#8211; 5 de septiembre<\/p>\n<p>Usina VII: Romang &#8211; 12 de septiembre<\/p>\n","protected":false},"excerpt":{"rendered":"<p>El cielo de nuestro norte santafesino presagiaba una jornada emotiva con mucha m\u00edstica y participaci\u00f3n. Los caminos [&hellip;]<\/p>\n","protected":false},"author":2,"featured_media":645,"comment_status":"open","ping_status":"open","sticky":false,"template":"","format":"standard","meta":{"spay_email":"","footnotes":"","jetpack_publicize_message":""},"categories":[7,4,2],"tags":[],"jetpack_featured_media_url":"http:\/\/enteculturalsantafesino.com.ar\/usina6\/wp-content\/uploads\/2015\/08\/unnamed-10.jpg","jetpack_publicize_connections":[],"jetpack_sharing_enabled":true,"_links":{"self":[{"href":"http:\/\/enteculturalsantafesino.com.ar\/usina6\/wp-json\/wp\/v2\/posts\/635"}],"collection":[{"href":"http:\/\/enteculturalsantafesino.com.ar\/usina6\/wp-json\/wp\/v2\/posts"}],"about":[{"href":"http:\/\/enteculturalsantafesino.com.ar\/usina6\/wp-json\/wp\/v2\/types\/post"}],"author":[{"embeddable":true,"href":"http:\/\/enteculturalsantafesino.com.ar\/usina6\/wp-json\/wp\/v2\/users\/2"}],"replies":[{"embeddable":true,"href":"http:\/\/enteculturalsantafesino.com.ar\/usina6\/wp-json\/wp\/v2\/comments?post=635"}],"version-history":[{"count":0,"href":"http:\/\/enteculturalsantafesino.com.ar\/usina6\/wp-json\/wp\/v2\/posts\/635\/revisions"}],"wp:featuredmedia":[{"embeddable":true,"href":"http:\/\/enteculturalsantafesino.com.ar\/usina6\/wp-json\/wp\/v2\/media\/645"}],"wp:attachment":[{"href":"http:\/\/enteculturalsantafesino.com.ar\/usina6\/wp-json\/wp\/v2\/media?parent=635"}],"wp:term":[{"taxonomy":"category","embeddable":true,"href":"http:\/\/enteculturalsantafesino.com.ar\/usina6\/wp-json\/wp\/v2\/categories?post=635"},{"taxonomy":"post_tag","embeddable":true,"href":"http:\/\/enteculturalsantafesino.com.ar\/usina6\/wp-json\/wp\/v2\/tags?post=635"}],"curies":[{"name":"wp","href":"https:\/\/api.w.org\/{rel}","templated":true}]}}