{"id":75,"date":"2014-04-09T13:59:49","date_gmt":"2014-04-09T13:59:49","guid":{"rendered":"http:\/\/entecultura.com.ar\/usina6\/?p=75"},"modified":"2014-04-09T18:03:41","modified_gmt":"2014-04-09T18:03:41","slug":"tostado-coro-de-ninos-comienzo-de-clases-en-el-liceo-municipal-de-artes","status":"publish","type":"post","link":"http:\/\/enteculturalsantafesino.com.ar\/usina6\/2014\/04\/tostado-coro-de-ninos-comienzo-de-clases-en-el-liceo-municipal-de-artes\/","title":{"rendered":"TOSTADO: CORO DE NI\u00d1OS COMIENZO DE CLASES EN EL LICEO MUNICIPAL DE ARTES"},"content":{"rendered":"<p><span class=\"fbPhotosPhotoCaption\" id=\"fbPhotoSnowliftCaption\" tabindex=\"0\"><span class=\"hasCaption\">La Secretar\u00eda de Cultura, Deporte y Juventud de la Municipalidad de Tostado, informan a todos los interesados que este Martes 08\/04\/2014,\u00a0 comenzaron \u00a0 las Actividades del Coro de Ni\u00f1os del Liceo Municipal de Artes. <\/span><\/span><\/p>\n<p><span class=\"fbPhotosPhotoCaption\" id=\"fbPhotoSnowliftCaption\" tabindex=\"0\"><\/span><span class=\"fbPhotosPhotoCaption\" id=\"fbPhotoSnowliftCaption\" tabindex=\"0\"><span class=\"hasCaption\">Horario: 18:30 hs a 19:30 hs<br \/>\nLugar: LICEO MINICIPAL DE ARTES,\u00a0 sito en Saavedra s\/n (entre 12 de Octubre y Sa<a href=\"http:\/\/enteculturalsantafesino.com.ar\/usina6\/wp-content\/uploads\/2014\/04\/coro-ni\u00f1os.jpg\"><img loading=\"lazy\" decoding=\"async\" class=\"size-medium wp-image-76 alignleft\" alt=\"coro ni\u00f1os\" src=\"http:\/\/enteculturalsantafesino.com.ar\/usina6\/wp-content\/uploads\/2014\/04\/coro-ni\u00f1os-300x172.jpg\" width=\"300\" height=\"172\" srcset=\"http:\/\/enteculturalsantafesino.com.ar\/usina6\/wp-content\/uploads\/2014\/04\/coro-ni\u00f1os-300x172.jpg 300w, http:\/\/enteculturalsantafesino.com.ar\/usina6\/wp-content\/uploads\/2014\/04\/coro-ni\u00f1os.jpg 676w\" sizes=\"(max-width: 300px) 100vw, 300px\" \/><\/a>n Lorenzo)<\/span><\/span><span class=\"fbPhotosPhotoCaption\" id=\"fbPhotoSnowliftCaption\" tabindex=\"0\"><span class=\"hasCaption\"><br \/>\nLos esperamos para empezar un nuevo a\u00f1o!!!<\/span><\/span><span class=\"fbPhotosPhotoCaption\" id=\"fbPhotoSnowliftCaption\" tabindex=\"0\"><span class=\"hasCaption\"><br \/>\n(Espacio Art\u00edstico Musical para ni\u00f1os entre 5 a\u00f1os y 15 a\u00f1os)<br \/>\n<\/span><\/span><\/p>\n","protected":false},"excerpt":{"rendered":"<p>La Secretar\u00eda de Cultura, Deporte y Juventud de la Municipalidad de Tostado, informan a todos los interesados [&hellip;]<\/p>\n","protected":false},"author":2,"featured_media":76,"comment_status":"open","ping_status":"open","sticky":false,"template":"","format":"standard","meta":{"spay_email":"","footnotes":"","jetpack_publicize_message":""},"categories":[2],"tags":[],"jetpack_featured_media_url":"http:\/\/enteculturalsantafesino.com.ar\/usina6\/wp-content\/uploads\/2014\/04\/coro-ni\u00f1os.jpg","jetpack_publicize_connections":[],"jetpack_sharing_enabled":true,"_links":{"self":[{"href":"http:\/\/enteculturalsantafesino.com.ar\/usina6\/wp-json\/wp\/v2\/posts\/75"}],"collection":[{"href":"http:\/\/enteculturalsantafesino.com.ar\/usina6\/wp-json\/wp\/v2\/posts"}],"about":[{"href":"http:\/\/enteculturalsantafesino.com.ar\/usina6\/wp-json\/wp\/v2\/types\/post"}],"author":[{"embeddable":true,"href":"http:\/\/enteculturalsantafesino.com.ar\/usina6\/wp-json\/wp\/v2\/users\/2"}],"replies":[{"embeddable":true,"href":"http:\/\/enteculturalsantafesino.com.ar\/usina6\/wp-json\/wp\/v2\/comments?post=75"}],"version-history":[{"count":0,"href":"http:\/\/enteculturalsantafesino.com.ar\/usina6\/wp-json\/wp\/v2\/posts\/75\/revisions"}],"wp:featuredmedia":[{"embeddable":true,"href":"http:\/\/enteculturalsantafesino.com.ar\/usina6\/wp-json\/wp\/v2\/media\/76"}],"wp:attachment":[{"href":"http:\/\/enteculturalsantafesino.com.ar\/usina6\/wp-json\/wp\/v2\/media?parent=75"}],"wp:term":[{"taxonomy":"category","embeddable":true,"href":"http:\/\/enteculturalsantafesino.com.ar\/usina6\/wp-json\/wp\/v2\/categories?post=75"},{"taxonomy":"post_tag","embeddable":true,"href":"http:\/\/enteculturalsantafesino.com.ar\/usina6\/wp-json\/wp\/v2\/tags?post=75"}],"curies":[{"name":"wp","href":"https:\/\/api.w.org\/{rel}","templated":true}]}}