{"id":8,"date":"2014-02-17T11:46:39","date_gmt":"2014-02-17T11:46:39","guid":{"rendered":"http:\/\/entecultura.com.ar\/usina6\/?p=8"},"modified":"2014-02-17T11:46:39","modified_gmt":"2014-02-17T11:46:39","slug":"tostado-abierta-la-inscripcion-para-integrar-el-coro-polifonico","status":"publish","type":"post","link":"http:\/\/enteculturalsantafesino.com.ar\/usina6\/2014\/02\/tostado-abierta-la-inscripcion-para-integrar-el-coro-polifonico\/","title":{"rendered":"Tostado: Abierta la inscripci\u00f3n para integrar el \u00abCoro Polif\u00f3nico\u00bb"},"content":{"rendered":"<p>Se encuentro abierta la inscripci\u00f3n durante todo el mes de Febrero, para integrar el \u00abCoro Polif\u00f3nico de la Ciudad de<a href=\"http:\/\/enteculturalsantafesino.com.ar\/usina6\/wp-content\/uploads\/2014\/02\/1621772_10201490184872790_625638310_n.jpg\"><img loading=\"lazy\" decoding=\"async\" class=\"alignright size-medium wp-image-9\" alt=\"1621772_10201490184872790_625638310_n\" src=\"http:\/\/enteculturalsantafesino.com.ar\/usina6\/wp-content\/uploads\/2014\/02\/1621772_10201490184872790_625638310_n-271x300.jpg\" width=\"271\" height=\"300\" srcset=\"http:\/\/enteculturalsantafesino.com.ar\/usina6\/wp-content\/uploads\/2014\/02\/1621772_10201490184872790_625638310_n-271x300.jpg 271w, http:\/\/enteculturalsantafesino.com.ar\/usina6\/wp-content\/uploads\/2014\/02\/1621772_10201490184872790_625638310_n.jpg 323w\" sizes=\"(max-width: 271px) 100vw, 271px\" \/><\/a>Tostado\u00bb.<br \/>\nLos interesados en participar del proyecto art\u00edstico-musical 2014, deber\u00e1n comunicarse por este intermedio, o llamar a los siguientes tel\u00e9fonos: 471929\/\/ 695358.<br \/>\nActividades:<br \/>\n*Ensayos.(Semanales)<br \/>\n*Armado de Repertorio.<br \/>\n*T\u00e9cnica vocal.(Asistencia Mensual)<br \/>\n*Participaci\u00f3n en Encuentros y Festivales.(Provinciales-Nacionales)<br \/>\n*Conciertos-Presentaciones.<br \/>\n*Talleres de Interpretaci\u00f3n Coral con Directores Invitados.(Anual)<\/p>\n<p>Requisitos:<br \/>\n*Gusto por el canto compartido.<br \/>\n*Asistencia a los ensayos y compromisos art\u00edsticos musicales del coro.<br \/>\n*Afinaci\u00f3n.<br \/>\n*Esp\u00edritu de camarader\u00eda.<\/p>\n<p>Comienzo de Actividades: Lunes 10 de Marzo de 2014.<\/p>\n","protected":false},"excerpt":{"rendered":"<p>Se encuentro abierta la inscripci\u00f3n durante todo el mes de Febrero, para integrar el \u00abCoro Polif\u00f3nico de [&hellip;]<\/p>\n","protected":false},"author":2,"featured_media":9,"comment_status":"open","ping_status":"open","sticky":false,"template":"","format":"standard","meta":{"spay_email":"","footnotes":"","jetpack_publicize_message":""},"categories":[2],"tags":[],"jetpack_featured_media_url":"http:\/\/enteculturalsantafesino.com.ar\/usina6\/wp-content\/uploads\/2014\/02\/1621772_10201490184872790_625638310_n.jpg","jetpack_publicize_connections":[],"jetpack_sharing_enabled":true,"_links":{"self":[{"href":"http:\/\/enteculturalsantafesino.com.ar\/usina6\/wp-json\/wp\/v2\/posts\/8"}],"collection":[{"href":"http:\/\/enteculturalsantafesino.com.ar\/usina6\/wp-json\/wp\/v2\/posts"}],"about":[{"href":"http:\/\/enteculturalsantafesino.com.ar\/usina6\/wp-json\/wp\/v2\/types\/post"}],"author":[{"embeddable":true,"href":"http:\/\/enteculturalsantafesino.com.ar\/usina6\/wp-json\/wp\/v2\/users\/2"}],"replies":[{"embeddable":true,"href":"http:\/\/enteculturalsantafesino.com.ar\/usina6\/wp-json\/wp\/v2\/comments?post=8"}],"version-history":[{"count":0,"href":"http:\/\/enteculturalsantafesino.com.ar\/usina6\/wp-json\/wp\/v2\/posts\/8\/revisions"}],"wp:featuredmedia":[{"embeddable":true,"href":"http:\/\/enteculturalsantafesino.com.ar\/usina6\/wp-json\/wp\/v2\/media\/9"}],"wp:attachment":[{"href":"http:\/\/enteculturalsantafesino.com.ar\/usina6\/wp-json\/wp\/v2\/media?parent=8"}],"wp:term":[{"taxonomy":"category","embeddable":true,"href":"http:\/\/enteculturalsantafesino.com.ar\/usina6\/wp-json\/wp\/v2\/categories?post=8"},{"taxonomy":"post_tag","embeddable":true,"href":"http:\/\/enteculturalsantafesino.com.ar\/usina6\/wp-json\/wp\/v2\/tags?post=8"}],"curies":[{"name":"wp","href":"https:\/\/api.w.org\/{rel}","templated":true}]}}