{"id":3435,"date":"2024-08-19T13:48:07","date_gmt":"2024-08-19T13:48:07","guid":{"rendered":"http:\/\/enteculturalsantafesino.com.ar\/usina7\/?p=3435"},"modified":"2024-08-19T13:48:09","modified_gmt":"2024-08-19T13:48:09","slug":"el-grupo-voces-homenajeo-al-prof-orlando-rinesi","status":"publish","type":"post","link":"http:\/\/enteculturalsantafesino.com.ar\/usina7\/el-grupo-voces-homenajeo-al-prof-orlando-rinesi\/","title":{"rendered":"El grupo \u00abVOCES\u00bb homenaje\u00f3 al Prof. Orlando Rinesi"},"content":{"rendered":"\n<p>En el marco de la <strong>5\u00b0 Feria del Libro del Jaaukanig\u00e1s<\/strong>, el grupo de escritoras ocampenses Villa Ocampo escribe (VOCES)ofreci\u00f3 un emotivo homenaje al <strong>profesor Orlando H. Rinesi<\/strong>, quien fue padrino del mismo.<\/p>\n\n\n\n<p>El acto cont\u00f3 con la presencia de familiares, amigos y miembros de la <strong>Comisi\u00f3n Directiva de la Biblioteca Popular N\u00b02867 \u201cJos\u00e9 Manuel Estrada\u201d<\/strong>.<\/p>\n\n\n\n<p>\u201cEl amaba la Cultura y todas las expresiones <a><\/a>culturales, durante su gesti\u00f3n al frente de la biblioteca brind\u00f3 apertura y predisposici\u00f3n para la realizaci\u00f3n de innumerables eventos\u201d, expres\u00f3 la actual presidenta de la Biblioteca Sra. N\u00e9lida Rosa.<\/p>\n","protected":false},"excerpt":{"rendered":"<p>En el marco de la 5\u00b0 Feria del Libro del Jaaukanig\u00e1s, el grupo de escritoras ocampenses Villa [&hellip;]<\/p>\n","protected":false},"author":3,"featured_media":3436,"comment_status":"open","ping_status":"open","sticky":false,"template":"","format":"standard","meta":{"_jetpack_memberships_contains_paid_content":false,"footnotes":"","jetpack_publicize_message":"","jetpack_publicize_feature_enabled":true,"jetpack_social_post_already_shared":true,"jetpack_social_options":{"image_generator_settings":{"template":"highway","enabled":false},"version":2}},"categories":[14],"tags":[],"class_list":["post-3435","post","type-post","status-publish","format-standard","has-post-thumbnail","hentry","category-las-toscas"],"jetpack_publicize_connections":[],"jetpack_featured_media_url":"http:\/\/enteculturalsantafesino.com.ar\/usina7\/wp-content\/uploads\/2024\/08\/456118373_18246557140268698_8748799042379810587_n.jpg","jetpack_sharing_enabled":true,"jetpack_shortlink":"https:\/\/wp.me\/p4IUtI-Tp","_links":{"self":[{"href":"http:\/\/enteculturalsantafesino.com.ar\/usina7\/wp-json\/wp\/v2\/posts\/3435","targetHints":{"allow":["GET"]}}],"collection":[{"href":"http:\/\/enteculturalsantafesino.com.ar\/usina7\/wp-json\/wp\/v2\/posts"}],"about":[{"href":"http:\/\/enteculturalsantafesino.com.ar\/usina7\/wp-json\/wp\/v2\/types\/post"}],"author":[{"embeddable":true,"href":"http:\/\/enteculturalsantafesino.com.ar\/usina7\/wp-json\/wp\/v2\/users\/3"}],"replies":[{"embeddable":true,"href":"http:\/\/enteculturalsantafesino.com.ar\/usina7\/wp-json\/wp\/v2\/comments?post=3435"}],"version-history":[{"count":1,"href":"http:\/\/enteculturalsantafesino.com.ar\/usina7\/wp-json\/wp\/v2\/posts\/3435\/revisions"}],"predecessor-version":[{"id":3437,"href":"http:\/\/enteculturalsantafesino.com.ar\/usina7\/wp-json\/wp\/v2\/posts\/3435\/revisions\/3437"}],"wp:featuredmedia":[{"embeddable":true,"href":"http:\/\/enteculturalsantafesino.com.ar\/usina7\/wp-json\/wp\/v2\/media\/3436"}],"wp:attachment":[{"href":"http:\/\/enteculturalsantafesino.com.ar\/usina7\/wp-json\/wp\/v2\/media?parent=3435"}],"wp:term":[{"taxonomy":"category","embeddable":true,"href":"http:\/\/enteculturalsantafesino.com.ar\/usina7\/wp-json\/wp\/v2\/categories?post=3435"},{"taxonomy":"post_tag","embeddable":true,"href":"http:\/\/enteculturalsantafesino.com.ar\/usina7\/wp-json\/wp\/v2\/tags?post=3435"}],"curies":[{"name":"wp","href":"https:\/\/api.w.org\/{rel}","templated":true}]}}