{"id":3681,"date":"2026-03-10T01:13:41","date_gmt":"2026-03-10T01:13:41","guid":{"rendered":"http:\/\/enteculturalsantafesino.com.ar\/usina7\/?p=3681"},"modified":"2026-03-10T01:50:18","modified_gmt":"2026-03-10T01:50:18","slug":"silvio-oliva-seguira-presidiendo-el-ente-cultural-santafesino","status":"publish","type":"post","link":"http:\/\/enteculturalsantafesino.com.ar\/usina7\/silvio-oliva-seguira-presidiendo-el-ente-cultural-santafesino\/","title":{"rendered":"Silvio Oliva seguir\u00e1 presidiendo el Ente Cultural Santafesino"},"content":{"rendered":"\n<p>El referente cultural de la comunidad de Las Garzas seguir\u00e1 conduciendo los destinos de este espacio cultural durante el ciclo 2026.<\/p>\n\n\n\n<p>Oliva&nbsp;agradeci\u00f3 esta designaci\u00f3n, como as\u00ed tambi\u00e9n manifest\u00f3 su alegr\u00eda por esta nueva oportunidad que le brindan sus pares.&nbsp;\u00abDesde el a\u00f1o 2017 formo parte de este espacio concertando diversas propuestas no solo en mi comunidad, sino tambi\u00e9n a nivel regional y provincial\u201d.<\/p>\n\n\n\n<p><em>\u00abHoy el Ente Cultural Santafesino transita su a\u00f1o n\u00famero 18ny demuestra la fuerza de los distintos rincones culturales de nuestra provincia\u00bb.<\/em><\/p>\n","protected":false},"excerpt":{"rendered":"<p>El referente cultural de la comunidad de Las Garzas seguir\u00e1 conduciendo los destinos de este espacio cultural [&hellip;]<\/p>\n","protected":false},"author":3,"featured_media":3682,"comment_status":"open","ping_status":"open","sticky":false,"template":"","format":"standard","meta":{"_jetpack_memberships_contains_paid_content":false,"footnotes":"","jetpack_publicize_message":"","jetpack_publicize_feature_enabled":true,"jetpack_social_post_already_shared":true,"jetpack_social_options":{"image_generator_settings":{"template":"highway","enabled":false},"version":2}},"categories":[3,16],"tags":[],"class_list":["post-3681","post","type-post","status-publish","format-standard","has-post-thumbnail","hentry","category-gestiones-ecs","category-las-garzas"],"jetpack_publicize_connections":[],"jetpack_featured_media_url":"http:\/\/enteculturalsantafesino.com.ar\/usina7\/wp-content\/uploads\/2026\/03\/0f4cec44-7941-4157-8d91-df307ac8a584-e1773027524359.jpg","jetpack_sharing_enabled":true,"jetpack_shortlink":"https:\/\/wp.me\/p4IUtI-Xn","_links":{"self":[{"href":"http:\/\/enteculturalsantafesino.com.ar\/usina7\/wp-json\/wp\/v2\/posts\/3681","targetHints":{"allow":["GET"]}}],"collection":[{"href":"http:\/\/enteculturalsantafesino.com.ar\/usina7\/wp-json\/wp\/v2\/posts"}],"about":[{"href":"http:\/\/enteculturalsantafesino.com.ar\/usina7\/wp-json\/wp\/v2\/types\/post"}],"author":[{"embeddable":true,"href":"http:\/\/enteculturalsantafesino.com.ar\/usina7\/wp-json\/wp\/v2\/users\/3"}],"replies":[{"embeddable":true,"href":"http:\/\/enteculturalsantafesino.com.ar\/usina7\/wp-json\/wp\/v2\/comments?post=3681"}],"version-history":[{"count":2,"href":"http:\/\/enteculturalsantafesino.com.ar\/usina7\/wp-json\/wp\/v2\/posts\/3681\/revisions"}],"predecessor-version":[{"id":3685,"href":"http:\/\/enteculturalsantafesino.com.ar\/usina7\/wp-json\/wp\/v2\/posts\/3681\/revisions\/3685"}],"wp:featuredmedia":[{"embeddable":true,"href":"http:\/\/enteculturalsantafesino.com.ar\/usina7\/wp-json\/wp\/v2\/media\/3682"}],"wp:attachment":[{"href":"http:\/\/enteculturalsantafesino.com.ar\/usina7\/wp-json\/wp\/v2\/media?parent=3681"}],"wp:term":[{"taxonomy":"category","embeddable":true,"href":"http:\/\/enteculturalsantafesino.com.ar\/usina7\/wp-json\/wp\/v2\/categories?post=3681"},{"taxonomy":"post_tag","embeddable":true,"href":"http:\/\/enteculturalsantafesino.com.ar\/usina7\/wp-json\/wp\/v2\/tags?post=3681"}],"curies":[{"name":"wp","href":"https:\/\/api.w.org\/{rel}","templated":true}]}}