{"id":3693,"date":"2026-04-24T04:48:41","date_gmt":"2026-04-24T04:48:41","guid":{"rendered":"https:\/\/enteculturalsantafesino.com.ar\/usina7\/?p=3693"},"modified":"2026-04-24T04:48:45","modified_gmt":"2026-04-24T04:48:45","slug":"reconquista-vuelve-al-ente-cultural-santafesino","status":"publish","type":"post","link":"http:\/\/enteculturalsantafesino.com.ar\/usina7\/reconquista-vuelve-al-ente-cultural-santafesino\/","title":{"rendered":"Reconquista vuelve al Ente Cultural Santafesino"},"content":{"rendered":"\n<p>El intendente Dr Enri Vallejos, hizo entrega de&nbsp;la nota de&nbsp;solicitud&nbsp;que fundamenta la incorporaci\u00f3n de la gesti\u00f3n municipal,&nbsp;comprometi\u00e9ndose junto al resto de los integrantes de la&nbsp;Usina VII.<\/p>\n\n\n\n<p>Reconquista&nbsp;cabecera&nbsp;del&nbsp;dpto General Obligado, tuvo su primera intervenci\u00f3n en el Ente Cultural Santafesino en el a\u00f1o 2016. Reconquista es la localidad m\u00e1s importante en cuanto a poblaci\u00f3n del norte santafesino.<\/p>\n","protected":false},"excerpt":{"rendered":"<p>El intendente Dr Enri Vallejos, hizo entrega de&nbsp;la nota de&nbsp;solicitud&nbsp;que fundamenta la incorporaci\u00f3n de la gesti\u00f3n municipal,&nbsp;comprometi\u00e9ndose [&hellip;]<\/p>\n","protected":false},"author":3,"featured_media":3694,"comment_status":"open","ping_status":"open","sticky":false,"template":"","format":"standard","meta":{"_jetpack_memberships_contains_paid_content":false,"footnotes":"","jetpack_publicize_message":"","jetpack_publicize_feature_enabled":true,"jetpack_social_post_already_shared":true,"jetpack_social_options":{"image_generator_settings":{"template":"highway","enabled":false},"version":2}},"categories":[3,13],"tags":[],"class_list":["post-3693","post","type-post","status-publish","format-standard","has-post-thumbnail","hentry","category-gestiones-ecs","category-reconquista"],"jetpack_publicize_connections":[],"jetpack_featured_media_url":"http:\/\/enteculturalsantafesino.com.ar\/usina7\/wp-content\/uploads\/2026\/04\/fc8e81d1-26d1-4b5a-b72f-1fa92e979cd7.jpg","jetpack_sharing_enabled":true,"jetpack_shortlink":"https:\/\/wp.me\/p4IUtI-Xz","_links":{"self":[{"href":"http:\/\/enteculturalsantafesino.com.ar\/usina7\/wp-json\/wp\/v2\/posts\/3693","targetHints":{"allow":["GET"]}}],"collection":[{"href":"http:\/\/enteculturalsantafesino.com.ar\/usina7\/wp-json\/wp\/v2\/posts"}],"about":[{"href":"http:\/\/enteculturalsantafesino.com.ar\/usina7\/wp-json\/wp\/v2\/types\/post"}],"author":[{"embeddable":true,"href":"http:\/\/enteculturalsantafesino.com.ar\/usina7\/wp-json\/wp\/v2\/users\/3"}],"replies":[{"embeddable":true,"href":"http:\/\/enteculturalsantafesino.com.ar\/usina7\/wp-json\/wp\/v2\/comments?post=3693"}],"version-history":[{"count":1,"href":"http:\/\/enteculturalsantafesino.com.ar\/usina7\/wp-json\/wp\/v2\/posts\/3693\/revisions"}],"predecessor-version":[{"id":3695,"href":"http:\/\/enteculturalsantafesino.com.ar\/usina7\/wp-json\/wp\/v2\/posts\/3693\/revisions\/3695"}],"wp:featuredmedia":[{"embeddable":true,"href":"http:\/\/enteculturalsantafesino.com.ar\/usina7\/wp-json\/wp\/v2\/media\/3694"}],"wp:attachment":[{"href":"http:\/\/enteculturalsantafesino.com.ar\/usina7\/wp-json\/wp\/v2\/media?parent=3693"}],"wp:term":[{"taxonomy":"category","embeddable":true,"href":"http:\/\/enteculturalsantafesino.com.ar\/usina7\/wp-json\/wp\/v2\/categories?post=3693"},{"taxonomy":"post_tag","embeddable":true,"href":"http:\/\/enteculturalsantafesino.com.ar\/usina7\/wp-json\/wp\/v2\/tags?post=3693"}],"curies":[{"name":"wp","href":"https:\/\/api.w.org\/{rel}","templated":true}]}}