{"id":3696,"date":"2026-04-24T04:50:16","date_gmt":"2026-04-24T04:50:16","guid":{"rendered":"https:\/\/enteculturalsantafesino.com.ar\/usina7\/?p=3696"},"modified":"2026-04-24T04:50:18","modified_gmt":"2026-04-24T04:50:18","slug":"la-usina-cultural-vii-se-reunio-en-la-ciudad-de-villa-ocampo","status":"publish","type":"post","link":"http:\/\/enteculturalsantafesino.com.ar\/usina7\/la-usina-cultural-vii-se-reunio-en-la-ciudad-de-villa-ocampo\/","title":{"rendered":"La Usina Cultural VII se reuni\u00f3 en la ciudad de Villa Ocampo"},"content":{"rendered":"\n<p>En la comunidad del dpto Gral Obligado el mi\u00e9rcoles 22 se llev\u00f3 a cabo la primera reuni\u00f3n de trabajo de la Usina Cultural VII<\/p>\n\n\n\n<p>La misma cont\u00f3 con la presencia del Presidente del Ente Cultural Santafesino Silvio Oliva, el Intendente Cristian Marega y la Secretaria de Cultura Maricel Corniagli junto a referentes culturales de las comunidades que integran dicha zona cultural.<\/p>\n\n\n\n<p>El temario abordado cont\u00f3 con la definici\u00f3n del cronograma de los disitintos programas:\u00a0\u201cForma y Color\u00bb (mayo), \u00abConsejo Cultural J\u00f3ven,\u00a0 \u201cOjos de Santa Fe\u00bb, \u201cClave de Cuento\u201d, \u201cDe Pueblo en Pueblo\u201d, \u201cArte en Pelotas\u201d , \u00abLas Nanas de Cecilia\u201d y \u00abCapacitaci\u00f3n en Redes\u00bb.<\/p>\n\n\n\n<p>La Usina Cultural VII\u00a0 se encuentra integrada por:\u00a0 Reconquista, Guadalupe Norte, Las Garzas, Ingeniero Chanourdie, Arroyo Ceibal, Villa Ocampo, San Antonio de Obligado, Las Toscas y Florencia.<\/p>\n","protected":false},"excerpt":{"rendered":"<p>En la comunidad del dpto Gral Obligado el mi\u00e9rcoles 22 se llev\u00f3 a cabo la primera reuni\u00f3n [&hellip;]<\/p>\n","protected":false},"author":3,"featured_media":3697,"comment_status":"open","ping_status":"open","sticky":false,"template":"","format":"standard","meta":{"_jetpack_memberships_contains_paid_content":false,"footnotes":"","jetpack_publicize_message":"","jetpack_publicize_feature_enabled":true,"jetpack_social_post_already_shared":true,"jetpack_social_options":{"image_generator_settings":{"template":"highway","enabled":false},"version":2}},"categories":[3,19],"tags":[],"class_list":["post-3696","post","type-post","status-publish","format-standard","has-post-thumbnail","hentry","category-gestiones-ecs","category-villa-ocampo"],"jetpack_publicize_connections":[],"jetpack_featured_media_url":"http:\/\/enteculturalsantafesino.com.ar\/usina7\/wp-content\/uploads\/2026\/04\/760125eb-4e59-4be7-ad57-75ae4ebded5a.jpg","jetpack_sharing_enabled":true,"jetpack_shortlink":"https:\/\/wp.me\/p4IUtI-XC","_links":{"self":[{"href":"http:\/\/enteculturalsantafesino.com.ar\/usina7\/wp-json\/wp\/v2\/posts\/3696","targetHints":{"allow":["GET"]}}],"collection":[{"href":"http:\/\/enteculturalsantafesino.com.ar\/usina7\/wp-json\/wp\/v2\/posts"}],"about":[{"href":"http:\/\/enteculturalsantafesino.com.ar\/usina7\/wp-json\/wp\/v2\/types\/post"}],"author":[{"embeddable":true,"href":"http:\/\/enteculturalsantafesino.com.ar\/usina7\/wp-json\/wp\/v2\/users\/3"}],"replies":[{"embeddable":true,"href":"http:\/\/enteculturalsantafesino.com.ar\/usina7\/wp-json\/wp\/v2\/comments?post=3696"}],"version-history":[{"count":1,"href":"http:\/\/enteculturalsantafesino.com.ar\/usina7\/wp-json\/wp\/v2\/posts\/3696\/revisions"}],"predecessor-version":[{"id":3698,"href":"http:\/\/enteculturalsantafesino.com.ar\/usina7\/wp-json\/wp\/v2\/posts\/3696\/revisions\/3698"}],"wp:featuredmedia":[{"embeddable":true,"href":"http:\/\/enteculturalsantafesino.com.ar\/usina7\/wp-json\/wp\/v2\/media\/3697"}],"wp:attachment":[{"href":"http:\/\/enteculturalsantafesino.com.ar\/usina7\/wp-json\/wp\/v2\/media?parent=3696"}],"wp:term":[{"taxonomy":"category","embeddable":true,"href":"http:\/\/enteculturalsantafesino.com.ar\/usina7\/wp-json\/wp\/v2\/categories?post=3696"},{"taxonomy":"post_tag","embeddable":true,"href":"http:\/\/enteculturalsantafesino.com.ar\/usina7\/wp-json\/wp\/v2\/tags?post=3696"}],"curies":[{"name":"wp","href":"https:\/\/api.w.org\/{rel}","templated":true}]}}