{"id":20096,"date":"2019-07-18T16:28:36","date_gmt":"2019-07-18T16:28:36","guid":{"rendered":"http:\/\/enteculturalsantafesino.com.ar\/usina1\/?p=20096"},"modified":"2019-07-18T16:28:43","modified_gmt":"2019-07-18T16:28:43","slug":"habra-una-jornada-recreativa-en-centeno-por-las-vacaciones-de-invierno","status":"publish","type":"post","link":"https:\/\/enteculturalsantafesino.com.ar\/usina1\/2019\/07\/habra-una-jornada-recreativa-en-centeno-por-las-vacaciones-de-invierno\/","title":{"rendered":"Habr\u00e1 una jornada recreativa en Centeno por las vacaciones de invierno"},"content":{"rendered":"\n<p>Este jueves, en la sede de la Fundaci\u00f3n de Centeno, se va a llevar a cabo una jornada recreativa que involucrar\u00e1 diferentes actividades durante la tarde aprovechando las vacaciones de invierno.<\/p>\n\n\n\n<p>La jornada comenzar\u00e1 a las 14 horas y se extender\u00e1 hasta las 17 horas. Quienes participen, deber\u00e1n llevar una taza para merendar.<\/p>\n\n\n\n<p>Vale destacar que entre las actividades a realizar est\u00e1 el espacio de lectura para ni\u00f1os y adultos, diferentes talleres y la apertura del museo que est\u00e1 en dicha fundaci\u00f3n.<\/p>\n\n\n\n<p>Este evento es organizado por la Fundaci\u00f3n y la Biblioteca Popular que se unieron para seguir desarrollando tareas educativas y sociales en la localidad.<\/p>\n","protected":false},"excerpt":{"rendered":"<p>Este jueves, en la sede de la Fundaci\u00f3n de Centeno, se va a llevar a cabo una [&hellip;]<\/p>\n","protected":false},"author":3,"featured_media":20097,"comment_status":"closed","ping_status":"closed","sticky":false,"template":"","format":"standard","meta":{"_jetpack_memberships_contains_paid_content":false,"footnotes":"","jetpack_publicize_message":"","jetpack_publicize_feature_enabled":true,"jetpack_social_post_already_shared":true,"jetpack_social_options":{"image_generator_settings":{"template":"highway","enabled":false}}},"categories":[43],"tags":[],"jetpack_publicize_connections":[],"jetpack_sharing_enabled":true,"jetpack_featured_media_url":"https:\/\/enteculturalsantafesino.com.ar\/usina1\/wp-content\/uploads\/2019\/07\/67090289_2447496775530412_5636367289998639104_o.jpg","_links":{"self":[{"href":"https:\/\/enteculturalsantafesino.com.ar\/usina1\/wp-json\/wp\/v2\/posts\/20096"}],"collection":[{"href":"https:\/\/enteculturalsantafesino.com.ar\/usina1\/wp-json\/wp\/v2\/posts"}],"about":[{"href":"https:\/\/enteculturalsantafesino.com.ar\/usina1\/wp-json\/wp\/v2\/types\/post"}],"author":[{"embeddable":true,"href":"https:\/\/enteculturalsantafesino.com.ar\/usina1\/wp-json\/wp\/v2\/users\/3"}],"replies":[{"embeddable":true,"href":"https:\/\/enteculturalsantafesino.com.ar\/usina1\/wp-json\/wp\/v2\/comments?post=20096"}],"version-history":[{"count":0,"href":"https:\/\/enteculturalsantafesino.com.ar\/usina1\/wp-json\/wp\/v2\/posts\/20096\/revisions"}],"wp:featuredmedia":[{"embeddable":true,"href":"https:\/\/enteculturalsantafesino.com.ar\/usina1\/wp-json\/wp\/v2\/media\/20097"}],"wp:attachment":[{"href":"https:\/\/enteculturalsantafesino.com.ar\/usina1\/wp-json\/wp\/v2\/media?parent=20096"}],"wp:term":[{"taxonomy":"category","embeddable":true,"href":"https:\/\/enteculturalsantafesino.com.ar\/usina1\/wp-json\/wp\/v2\/categories?post=20096"},{"taxonomy":"post_tag","embeddable":true,"href":"https:\/\/enteculturalsantafesino.com.ar\/usina1\/wp-json\/wp\/v2\/tags?post=20096"}],"curies":[{"name":"wp","href":"https:\/\/api.w.org\/{rel}","templated":true}]}}