{"id":20130,"date":"2019-07-24T09:57:17","date_gmt":"2019-07-24T09:57:17","guid":{"rendered":"http:\/\/enteculturalsantafesino.com.ar\/usina1\/?p=20130"},"modified":"2019-07-24T09:57:23","modified_gmt":"2019-07-24T09:57:23","slug":"actividades-para-ninos-de-la-comuna-lopense","status":"publish","type":"post","link":"https:\/\/enteculturalsantafesino.com.ar\/usina1\/2019\/07\/actividades-para-ninos-de-la-comuna-lopense\/","title":{"rendered":"Actividades para ni\u00f1os de la Comuna lopense"},"content":{"rendered":"\n<p>La Comuna de Lucio V. L\u00f3pez acaba de culminar todo lo respectivo a las actividades para los m\u00e1s peque\u00f1os en estas \u00faltimas vacaciones de invierno, donde entre las propuestas desarrollaron dos jornadas de cine en la sala de proyecciones comunal donde los chicos no solamente se entretuvieron con las pel\u00edculas sino que pudieron disfrutar de meriendas para que el ciclo sea bien completo.<\/p>\n\n\n\n<p>\u201c<em>Hemos tenido una buena convocatoria<\/em>\u201d, expres\u00f3 en referencia el presidente comunal Pablo Sullivan, quien destac\u00f3 el poder llevar adelante este tipo de actividades y que pr\u00f3ximamente tendr\u00e1 un nuevo cap\u00edtulo. Es que se prepara como es tradicional la celebraci\u00f3n por el D\u00eda del Ni\u00f1o, el cual en este 2019 ser\u00e1 el s\u00e1bado 7 de septiembre debido a cuestiones organizativas pero donde la espera bien valdr\u00e1 la pena ya que se anticipa una mega fiesta que incluir\u00e1 juegos, sorpresas, espect\u00e1culos y much\u00edsima diversi\u00f3n.<\/p>\n","protected":false},"excerpt":{"rendered":"<p>La Comuna de Lucio V. L\u00f3pez acaba de culminar todo lo respectivo a las actividades para los [&hellip;]<\/p>\n","protected":false},"author":3,"featured_media":20131,"comment_status":"closed","ping_status":"closed","sticky":false,"template":"","format":"standard","meta":{"_jetpack_memberships_contains_paid_content":false,"footnotes":"","jetpack_publicize_message":"","jetpack_publicize_feature_enabled":true,"jetpack_social_post_already_shared":true,"jetpack_social_options":{"image_generator_settings":{"template":"highway","enabled":false}}},"categories":[49],"tags":[],"jetpack_publicize_connections":[],"jetpack_sharing_enabled":true,"jetpack_featured_media_url":"https:\/\/enteculturalsantafesino.com.ar\/usina1\/wp-content\/uploads\/2019\/07\/SullivanNi\u00f1os.jpg","_links":{"self":[{"href":"https:\/\/enteculturalsantafesino.com.ar\/usina1\/wp-json\/wp\/v2\/posts\/20130"}],"collection":[{"href":"https:\/\/enteculturalsantafesino.com.ar\/usina1\/wp-json\/wp\/v2\/posts"}],"about":[{"href":"https:\/\/enteculturalsantafesino.com.ar\/usina1\/wp-json\/wp\/v2\/types\/post"}],"author":[{"embeddable":true,"href":"https:\/\/enteculturalsantafesino.com.ar\/usina1\/wp-json\/wp\/v2\/users\/3"}],"replies":[{"embeddable":true,"href":"https:\/\/enteculturalsantafesino.com.ar\/usina1\/wp-json\/wp\/v2\/comments?post=20130"}],"version-history":[{"count":0,"href":"https:\/\/enteculturalsantafesino.com.ar\/usina1\/wp-json\/wp\/v2\/posts\/20130\/revisions"}],"wp:featuredmedia":[{"embeddable":true,"href":"https:\/\/enteculturalsantafesino.com.ar\/usina1\/wp-json\/wp\/v2\/media\/20131"}],"wp:attachment":[{"href":"https:\/\/enteculturalsantafesino.com.ar\/usina1\/wp-json\/wp\/v2\/media?parent=20130"}],"wp:term":[{"taxonomy":"category","embeddable":true,"href":"https:\/\/enteculturalsantafesino.com.ar\/usina1\/wp-json\/wp\/v2\/categories?post=20130"},{"taxonomy":"post_tag","embeddable":true,"href":"https:\/\/enteculturalsantafesino.com.ar\/usina1\/wp-json\/wp\/v2\/tags?post=20130"}],"curies":[{"name":"wp","href":"https:\/\/api.w.org\/{rel}","templated":true}]}}