{"id":20249,"date":"2019-08-20T11:57:41","date_gmt":"2019-08-20T11:57:41","guid":{"rendered":"http:\/\/enteculturalsantafesino.com.ar\/usina1\/?p=20249"},"modified":"2019-08-20T11:57:48","modified_gmt":"2019-08-20T11:57:48","slug":"sastre-la-sinfonica-policial-de-santa-fe-engalano-el-acto-al-gral-san-martin","status":"publish","type":"post","link":"https:\/\/enteculturalsantafesino.com.ar\/usina1\/2019\/08\/sastre-la-sinfonica-policial-de-santa-fe-engalano-el-acto-al-gral-san-martin\/","title":{"rendered":"Sastre: La Sinf\u00f3nica Policial de Santa Fe engalan\u00f3 el acto al Gral. San Mart\u00edn"},"content":{"rendered":"\n<p> La banda cautiv\u00f3 a los sastrenses. Fue durante el homenaje al pr\u00f3cer argentino. \u201cLos pueblos evocan su pasado de gloria para buscar en ellos los ejemplos necesarios, el coraje y la templanza para enfrentar los grandes desaf\u00edos\u201d, destac\u00f3 el sub jefe de la URXVIII. <\/p>\n\n\n\n<p>&nbsp;En el marco de la conmemoraci\u00f3n del 169\u00b0 aniversario del fallecimiento del \u201cGral. Jos\u00e9 de San Mart\u00edn\u201d, este s\u00e1bado 17 de agostos desarroll\u00f3 el acto oficial en el Liceo Municipal \u201cOlindo Strada\u201d. La ceremonia fue engalanada con el concierto de la Banda Sinf\u00f3nica Policial de Santa Fe.<\/p>\n\n\n\n<p>&nbsp;&nbsp; Entre las autoridades, estuvieron presentes de la intendente Mar\u00eda del Carmen Amero de Brunazzo, el secretario de Gobierno, Eduardo Botto y los integrantes del Honorable Concejo Municipal. Tambi\u00e9n particip\u00f3 la jefa de la Unidad Regional XVIII, Directora de Polic\u00eda Marisabel Mendoza.<\/p>\n\n\n\n<p>&nbsp;&nbsp; \u201cLos pueblos siempre evocan su pasado de gloria. En \u00e9pocas de crisis para buscar en ellos los ejemplos necesarios, el coraje y la templanza para enfrentar los grandes desaf\u00edos\u201d, destac\u00f3 el Subjefe de la Unidad Regional XVIII, Carlos Ballarini.<\/p>\n\n\n\n<p>&nbsp;&nbsp; El Subdirector de Polic\u00eda se\u00f1al\u00f3 que \u201choy volvemos nuestra mirada hacia el Gral. Jos\u00e9 de San Mart\u00edn para nutrirnos de sus convicciones, su conducta y explorar en su ejemplo soluciones para los tiempos que vivimos\u201d.<\/p>\n\n\n\n<p>&nbsp;&nbsp; \u201cEste departamento provincial lleva su nombre y debemos ser agradecidos y orgullosos de eso. Recordando siempre las ense\u00f1anzas de nuestro pr\u00f3cer y libertador de Am\u00e9rica, cuando dec\u00eda: En defensa de la patria todo es l\u00edcito menos dejarla perecer. La seguridad de los pueblos animando es el m\u00e1s sagrado de los deberes\u201d, concluy\u00f3 Ballarini.<\/p>\n\n\n\n<p>&nbsp;&nbsp; Posteriormente, el concierto de la Sinf\u00f3nica Policial de Santa Fe mostr\u00f3 una vez m\u00e1s una faceta distinta de fuerza de seguridad provincial, bajo el lema: \u201cNuestra polic\u00eda cerca de su comunidad, cerca de su gente\u201d.<\/p>\n\n\n\n<p>&nbsp;&nbsp; Con un repertorio amplio que incluy\u00f3 m\u00fasica de los \u201980, marchas militares, m\u00fasica popular con cantante y otros grandes \u00e9xitos, encantaron a todos el p\u00fablico con su cl\u00e1sico estilo. En el cierre, presentaron el cover de Soda Stereo, \u201cEn la ciudad de la furia\u201d.<\/p>\n\n\n\n<p>Bajo la direcci\u00f3n del Marcelo Huser, con 26 m\u00fasicos compartieron el escenario con la Banda Municipal \u201cAtilio Bianchi\u201d, que interpret\u00f3 el himno Nacional Argentino y \u201cMilonga Sentimental\u201d y \u201cAl Jard\u00edn de la Rep\u00fablica\u201d.<\/p>\n\n\n\n<p>&nbsp;&nbsp; La Banda Sinf\u00f3nica Policial de Santa Fe, que regresa a Sastre despu\u00e9s de su \u00faltima actuaci\u00f3n hace poco m\u00e1s de 15 a\u00f1os, es el organismo musical m\u00e1s antiguo del pa\u00eds, creado el 15 de octubre de 1819 por el Brigadier General Estanislao L\u00f3pez y actualmente depende del Departamento de Relaciones Policiales de la Polic\u00eda de la Provincia.<\/p>\n\n\n\n<p>\u00a0\u00a0 Fue declarada Patrimonio Hist\u00f3rico Cultural de la Provincia en 2005 y realiza anualmente m\u00e1s de 600 servicios protocolares y conciertos en toda la provincia.<\/p>\n\n\n\n<p><strong>Fuente: InfoSastre<\/strong><\/p>\n","protected":false},"excerpt":{"rendered":"<p>La banda cautiv\u00f3 a los sastrenses. Fue durante el homenaje al pr\u00f3cer argentino. \u201cLos pueblos evocan su [&hellip;]<\/p>\n","protected":false},"author":3,"featured_media":20250,"comment_status":"closed","ping_status":"closed","sticky":false,"template":"","format":"standard","meta":{"_jetpack_memberships_contains_paid_content":false,"footnotes":"","jetpack_publicize_message":"","jetpack_publicize_feature_enabled":true,"jetpack_social_post_already_shared":true,"jetpack_social_options":{"image_generator_settings":{"template":"highway","enabled":false}}},"categories":[22],"tags":[],"jetpack_publicize_connections":[],"jetpack_sharing_enabled":true,"jetpack_featured_media_url":"https:\/\/enteculturalsantafesino.com.ar\/usina1\/wp-content\/uploads\/2019\/08\/SinfonicaPolicial.jpg","_links":{"self":[{"href":"https:\/\/enteculturalsantafesino.com.ar\/usina1\/wp-json\/wp\/v2\/posts\/20249"}],"collection":[{"href":"https:\/\/enteculturalsantafesino.com.ar\/usina1\/wp-json\/wp\/v2\/posts"}],"about":[{"href":"https:\/\/enteculturalsantafesino.com.ar\/usina1\/wp-json\/wp\/v2\/types\/post"}],"author":[{"embeddable":true,"href":"https:\/\/enteculturalsantafesino.com.ar\/usina1\/wp-json\/wp\/v2\/users\/3"}],"replies":[{"embeddable":true,"href":"https:\/\/enteculturalsantafesino.com.ar\/usina1\/wp-json\/wp\/v2\/comments?post=20249"}],"version-history":[{"count":0,"href":"https:\/\/enteculturalsantafesino.com.ar\/usina1\/wp-json\/wp\/v2\/posts\/20249\/revisions"}],"wp:featuredmedia":[{"embeddable":true,"href":"https:\/\/enteculturalsantafesino.com.ar\/usina1\/wp-json\/wp\/v2\/media\/20250"}],"wp:attachment":[{"href":"https:\/\/enteculturalsantafesino.com.ar\/usina1\/wp-json\/wp\/v2\/media?parent=20249"}],"wp:term":[{"taxonomy":"category","embeddable":true,"href":"https:\/\/enteculturalsantafesino.com.ar\/usina1\/wp-json\/wp\/v2\/categories?post=20249"},{"taxonomy":"post_tag","embeddable":true,"href":"https:\/\/enteculturalsantafesino.com.ar\/usina1\/wp-json\/wp\/v2\/tags?post=20249"}],"curies":[{"name":"wp","href":"https:\/\/api.w.org\/{rel}","templated":true}]}}