{"id":20445,"date":"2019-09-26T03:47:17","date_gmt":"2019-09-26T03:47:17","guid":{"rendered":"http:\/\/enteculturalsantafesino.com.ar\/usina1\/?p=20445"},"modified":"2019-09-26T03:47:23","modified_gmt":"2019-09-26T03:47:23","slug":"este-domingo-se-juega-la-final-del-torneo-provincial-de-bolitas","status":"publish","type":"post","link":"https:\/\/enteculturalsantafesino.com.ar\/usina1\/2019\/09\/este-domingo-se-juega-la-final-del-torneo-provincial-de-bolitas\/","title":{"rendered":"Este domingo se juega la final del \u00abTorneo Provincial de Bolitas\u00bb"},"content":{"rendered":"\n<p>El \u00ab<strong>Tercer Torneo Provincial de Bolitas\u00bb &#8211;\u00a0Copa Cristaler\u00eda San Carlos 70 Aniversario<\/strong>, organizado por el <strong>Ente Cultural Santafesino <\/strong>y auspiciado por la <strong>diputada provincial Claudia Giaccone<\/strong> llega a su instancia final este <strong>29 de septiembre en San Jorge (departamento San Mart\u00edn)<\/strong>. Se desarrollar\u00e1 desde las 10hs en Plaza F\u00e1tima (Bv. 9 de Julio y Av. San Mart\u00edn).<\/p>\n\n\n\n<p><em>\u201cTal como ocurri\u00f3 en los a\u00f1os anteriores, se\ntrat\u00f3 de una experiencia conmovedora, de norte a sur y de este a oeste de la\nprovincia, convocando a ni\u00f1os, j\u00f3venes y adultos a un juego que remite a la\nnostalgia pero que tambi\u00e9n nos permite resaltar la cultura del esfuerzo y la\nproducci\u00f3n que tenemos los santafesinos\u201d, <\/em>expresa Giaccone.<em> \u201cA pesar de algunos que opinan desde el\ndesconocimiento, este Torneo no es algo menor. Porque no solo es recuperar un\njuego al aire libre que une a las familias, sino que permite visibilizar casos\nde PyMEs que desde el interior santafesino aportaron siempre a la creaci\u00f3n del\nempleo y bienes, haciendo a sus comunidades y a Santa Fe fuerte y rica; y ahora\nse encuentran muchas de ellas luchando por su subsistencia\u201d.<\/em><\/p>\n\n\n\n<p>La diputada continu\u00f3 diciendo que<em>\u201cCristaler\u00eda San\nCarlos siempre ha participado aportando los trofeos y este a\u00f1o resolvimos dar\nsu nombre al torneo, por su cumplea\u00f1os n\u00famero 70 y adem\u00e1s como homenaje a su\nhistoria de esfuerzos. Tal como lo es la empresa Tinka, \u00fanica f\u00e1brica de\nbolitas y bolones de cristal en Sudam\u00e9rica, establecida en San Jorge; una PyME\nfamiliar muy arraigada en su ciudad, que siempre nos ha acompa\u00f1ado en estas\ncompetencias de juego de bolitas y que resiste tambi\u00e9n los embates econ\u00f3micos\nde estos tiempos\u201d. <\/em><\/p>\n\n\n\n<p><strong>EL TORNEO. <\/strong>El certamen contempla 4 categor\u00edas:&nbsp;\u201cA\u201d&nbsp;(de 8 a 12 a\u00f1os);\n\u201cB\u201d&nbsp;(de 13 a 16 a\u00f1os); \u201cC\u201d&nbsp;(de 17 a 30 a\u00f1os) y \u201cD\u201d&nbsp;(de 31 y m\u00e1s)<em>.\n<\/em>Se inici\u00f3 con competencias locales durante el mes de agosto, de las cuales\nsalieron los ganadores que en septiembre disputaron los encuentros regionales en\nlas localidades de Florencia, Larrechea, Carrizales, Alcorta, Las Parejas,\nHumberto 1\u00b0, Villa Trinidad, Fighiera y Tostado. Y llega ahora, el 29 de\nseptiembre, la gran final ser\u00e1 en la ciudad de San Jorge -sede de la empresa Tinka-.\nAll\u00ed se definir\u00e1n Campeones Provinciales por categor\u00eda, que jugar\u00e1n entre ellos\ndecidiendo el Campe\u00f3n absoluto. Los participantes est\u00e1n invitados a recorrer la\n\u00fanica f\u00e1brica sudamericana de Bolitas de Cristal.<strong> <\/strong><\/p>\n\n\n\n<p><strong>CRISTALER\u00cdA SAN CARLOS<\/strong>. Es famosa y reconocida por la calidad artesanal en sus glamorosos\nproductos, no s\u00f3lo en nuestro pa\u00eds sino en el resto del mundo. Actualmente\nfabrican unos 14000 art\u00edculos diferentes, en un trabajo que depende de la\ntradici\u00f3n aprendida por los maestros cristaleros. La Cristaler\u00eda se inici\u00f3 en\nel mes de octubre de 1949 por parte de un grupo de j\u00f3venes que 2 a\u00f1os antes, en\nla posguerra, vino desde Italia en busca de nuevos horizontes: los denominados\nTOVA (T\u00e9cnicos Obreros del Vidrio de Altare), ya que la mayor\u00eda era de Altare,\nItalia, que es en Europa cuna cristalera.<\/p>\n","protected":false},"excerpt":{"rendered":"<p>El \u00abTercer Torneo Provincial de Bolitas\u00bb &#8211;\u00a0Copa Cristaler\u00eda San Carlos 70 Aniversario, organizado por el Ente Cultural [&hellip;]<\/p>\n","protected":false},"author":3,"featured_media":20446,"comment_status":"closed","ping_status":"closed","sticky":false,"template":"","format":"standard","meta":{"_jetpack_memberships_contains_paid_content":false,"footnotes":"","jetpack_publicize_message":"","jetpack_publicize_feature_enabled":true,"jetpack_social_post_already_shared":true,"jetpack_social_options":{"image_generator_settings":{"template":"highway","enabled":false}}},"categories":[38,16],"tags":[],"jetpack_publicize_connections":[],"jetpack_sharing_enabled":true,"jetpack_featured_media_url":"https:\/\/enteculturalsantafesino.com.ar\/usina1\/wp-content\/uploads\/2019\/09\/final-bolitas.jpg","_links":{"self":[{"href":"https:\/\/enteculturalsantafesino.com.ar\/usina1\/wp-json\/wp\/v2\/posts\/20445"}],"collection":[{"href":"https:\/\/enteculturalsantafesino.com.ar\/usina1\/wp-json\/wp\/v2\/posts"}],"about":[{"href":"https:\/\/enteculturalsantafesino.com.ar\/usina1\/wp-json\/wp\/v2\/types\/post"}],"author":[{"embeddable":true,"href":"https:\/\/enteculturalsantafesino.com.ar\/usina1\/wp-json\/wp\/v2\/users\/3"}],"replies":[{"embeddable":true,"href":"https:\/\/enteculturalsantafesino.com.ar\/usina1\/wp-json\/wp\/v2\/comments?post=20445"}],"version-history":[{"count":0,"href":"https:\/\/enteculturalsantafesino.com.ar\/usina1\/wp-json\/wp\/v2\/posts\/20445\/revisions"}],"wp:featuredmedia":[{"embeddable":true,"href":"https:\/\/enteculturalsantafesino.com.ar\/usina1\/wp-json\/wp\/v2\/media\/20446"}],"wp:attachment":[{"href":"https:\/\/enteculturalsantafesino.com.ar\/usina1\/wp-json\/wp\/v2\/media?parent=20445"}],"wp:term":[{"taxonomy":"category","embeddable":true,"href":"https:\/\/enteculturalsantafesino.com.ar\/usina1\/wp-json\/wp\/v2\/categories?post=20445"},{"taxonomy":"post_tag","embeddable":true,"href":"https:\/\/enteculturalsantafesino.com.ar\/usina1\/wp-json\/wp\/v2\/tags?post=20445"}],"curies":[{"name":"wp","href":"https:\/\/api.w.org\/{rel}","templated":true}]}}