{"id":20581,"date":"2019-11-14T20:56:38","date_gmt":"2019-11-14T20:56:38","guid":{"rendered":"http:\/\/enteculturalsantafesino.com.ar\/usina1\/?p=20581"},"modified":"2019-11-14T20:56:44","modified_gmt":"2019-11-14T20:56:44","slug":"soy-abya-yala-llego-a-luis-palacios","status":"publish","type":"post","link":"https:\/\/enteculturalsantafesino.com.ar\/usina1\/2019\/11\/soy-abya-yala-llego-a-luis-palacios\/","title":{"rendered":"\u00abSoy Abya Yala; lleg\u00f3 a Luis Palacios"},"content":{"rendered":"\n<p>En los tiempos que corren, esta obra realiza mediante el arte una gran labor en cuanto a la revalorizaci\u00f3n de la cultura de los pueblos originarios, en este caso aborda al pueblo Chan\u00e1.<\/p>\n\n\n\n<p>Nos sumergimos en el r\u00edo de la memoria para escuchar las voces de un idioma que se cre\u00eda perdido. Los personajes y objetos nos invitan a realizar un recorrido por esa memoria que habita nuestro territorio.<\/p>\n\n\n\n<p>Agradecemos muy espacialmente al\u00a0<strong>Instituto Nacional del Teatro<\/strong>, y a la excelente disposici\u00f3n de la representante provincial de Santa Fe, Sra <strong>Gabriela Bertazzo<\/strong>, ante qui\u00e9n gestionamos la obra.<\/p>\n\n\n\n<p>A la comunidad educativa de la Esc. Genara Ber\u00f3n 604, quienes plantearon la inquietud de poder disfrutar de dicha funci\u00f3n, pues vienen trabajando en un proyecto sobre el pueblo Chan\u00e1 y\u00a0al elenco que nos ofreci\u00f3 una maravillosa puesta en escena y enriqueci\u00f3 nuestra mirada sobre nuestras ra\u00edces, ya que vale rescatar que un alto porcentaje de la poblaci\u00f3n tiene en su gen\u00e9tica alg\u00fan rastro ind\u00edgena.<\/p>\n\n\n\n<p><em><strong>Fuente: Comuna de Luis Palacios<\/strong><\/em><\/p>\n","protected":false},"excerpt":{"rendered":"<p>En los tiempos que corren, esta obra realiza mediante el arte una gran labor en cuanto a [&hellip;]<\/p>\n","protected":false},"author":3,"featured_media":20582,"comment_status":"closed","ping_status":"closed","sticky":false,"template":"","format":"standard","meta":{"_jetpack_memberships_contains_paid_content":false,"footnotes":"","jetpack_publicize_message":"","jetpack_publicize_feature_enabled":true,"jetpack_social_post_already_shared":true,"jetpack_social_options":{"image_generator_settings":{"template":"highway","enabled":false}}},"categories":[48],"tags":[],"jetpack_publicize_connections":[],"jetpack_sharing_enabled":true,"jetpack_featured_media_url":"https:\/\/enteculturalsantafesino.com.ar\/usina1\/wp-content\/uploads\/2019\/11\/75262308_2228074884157614_5436283279282012160_o.jpg","_links":{"self":[{"href":"https:\/\/enteculturalsantafesino.com.ar\/usina1\/wp-json\/wp\/v2\/posts\/20581"}],"collection":[{"href":"https:\/\/enteculturalsantafesino.com.ar\/usina1\/wp-json\/wp\/v2\/posts"}],"about":[{"href":"https:\/\/enteculturalsantafesino.com.ar\/usina1\/wp-json\/wp\/v2\/types\/post"}],"author":[{"embeddable":true,"href":"https:\/\/enteculturalsantafesino.com.ar\/usina1\/wp-json\/wp\/v2\/users\/3"}],"replies":[{"embeddable":true,"href":"https:\/\/enteculturalsantafesino.com.ar\/usina1\/wp-json\/wp\/v2\/comments?post=20581"}],"version-history":[{"count":0,"href":"https:\/\/enteculturalsantafesino.com.ar\/usina1\/wp-json\/wp\/v2\/posts\/20581\/revisions"}],"wp:featuredmedia":[{"embeddable":true,"href":"https:\/\/enteculturalsantafesino.com.ar\/usina1\/wp-json\/wp\/v2\/media\/20582"}],"wp:attachment":[{"href":"https:\/\/enteculturalsantafesino.com.ar\/usina1\/wp-json\/wp\/v2\/media?parent=20581"}],"wp:term":[{"taxonomy":"category","embeddable":true,"href":"https:\/\/enteculturalsantafesino.com.ar\/usina1\/wp-json\/wp\/v2\/categories?post=20581"},{"taxonomy":"post_tag","embeddable":true,"href":"https:\/\/enteculturalsantafesino.com.ar\/usina1\/wp-json\/wp\/v2\/tags?post=20581"}],"curies":[{"name":"wp","href":"https:\/\/api.w.org\/{rel}","templated":true}]}}