{"id":20829,"date":"2019-12-28T15:35:17","date_gmt":"2019-12-28T15:35:17","guid":{"rendered":"http:\/\/enteculturalsantafesino.com.ar\/usina1\/?p=20829"},"modified":"2019-12-28T15:35:23","modified_gmt":"2019-12-28T15:35:23","slug":"tortugas-y-gral-roca-juntos-a-traves-del-teatro","status":"publish","type":"post","link":"https:\/\/enteculturalsantafesino.com.ar\/usina1\/2019\/12\/tortugas-y-gral-roca-juntos-a-traves-del-teatro\/","title":{"rendered":"Tortugas y Gral. Roca juntos a trav\u00e9s del Teatro"},"content":{"rendered":"\n<p>El <strong>viernes 20 de diciembre<\/strong> desde las<strong> 21hs<\/strong> se present\u00f3 en el <strong>Sal\u00f3n Comunal de Cultura<\/strong> la obra producida en <strong>General Roca <\/strong>y <strong>Tortugas<\/strong> titulada <strong>\u00bfQu\u00e9 nos dej\u00f3 la t\u00eda? <\/strong><\/p>\n\n\n\n<p>Dicha propuesta enmarcada en el programa <strong>\u00abCompartiendo Cultura\u00bb <\/strong>posibilita el intercambio de actividades culturales de ambos territorios provinciales.<\/p>\n\n\n\n<p><strong><em>Sinopsis<\/em><\/strong><\/p>\n\n\n\n<p>A trav\u00e9s de la direcci\u00f3n de <strong>Rosana Moscato<\/strong> y el gui\u00f3n de <strong>Mar\u00eda Eugenia Juncos <\/strong>y <strong>Daniel Perazzo<\/strong> la obra que <strong>\u00bfQu\u00e9 nos dej\u00f3 la t\u00eda? <\/strong> narra sobre una herencia, un testamento, conflictos en acci\u00f3n que se mezclan con la picard\u00eda, el deseo y la ambici\u00f3n de los seres humanos y todo lo que puede desencadenar en un hecho como tal, donde salen a la luz determinados sentimientos ocultos hasta ese momento. <\/p>\n\n\n\n<p><em><strong>Compartiendo Cultura\u201d<\/strong><\/em><\/p>\n\n\n\n<p>Dicho programa que posee la finalidad de intercambiar e interaccionar propuestas art\u00edsticas pertenecientes a las comunidades que integran dicho espacio cultural; jerarquizando y promoviendo la red social, cultural y de inclusi\u00f3n de los m\u00faltiples artistas santafesinos.<\/p>\n\n\n\n<p><em>\u201cLas actividades culturales se multiplican y se potencian d\u00eda a d\u00eda, en una red fortalecida por el trabajo constante de los pueblos y ciudades juntos a sus artistas y Secretarias de Cultura, incrementando el convencimiento de este trabajo cooperativo, solidario y de inclusi\u00f3n que emerge con toda la fuerza proveniente del interior santafesino\u201d&nbsp;<\/em><\/p>\n","protected":false},"excerpt":{"rendered":"<p>El viernes 20 de diciembre desde las 21hs se present\u00f3 en el Sal\u00f3n Comunal de Cultura la [&hellip;]<\/p>\n","protected":false},"author":3,"featured_media":20832,"comment_status":"closed","ping_status":"closed","sticky":false,"template":"","format":"standard","meta":{"_jetpack_memberships_contains_paid_content":false,"footnotes":"","jetpack_publicize_message":"","jetpack_publicize_feature_enabled":true,"jetpack_social_post_already_shared":true,"jetpack_social_options":{"image_generator_settings":{"template":"highway","enabled":false}}},"categories":[38,31],"tags":[],"jetpack_publicize_connections":[],"jetpack_sharing_enabled":true,"jetpack_featured_media_url":"https:\/\/enteculturalsantafesino.com.ar\/usina1\/wp-content\/uploads\/2019\/12\/80968035_805993593165911_4568120880948838400_o.jpg","_links":{"self":[{"href":"https:\/\/enteculturalsantafesino.com.ar\/usina1\/wp-json\/wp\/v2\/posts\/20829"}],"collection":[{"href":"https:\/\/enteculturalsantafesino.com.ar\/usina1\/wp-json\/wp\/v2\/posts"}],"about":[{"href":"https:\/\/enteculturalsantafesino.com.ar\/usina1\/wp-json\/wp\/v2\/types\/post"}],"author":[{"embeddable":true,"href":"https:\/\/enteculturalsantafesino.com.ar\/usina1\/wp-json\/wp\/v2\/users\/3"}],"replies":[{"embeddable":true,"href":"https:\/\/enteculturalsantafesino.com.ar\/usina1\/wp-json\/wp\/v2\/comments?post=20829"}],"version-history":[{"count":0,"href":"https:\/\/enteculturalsantafesino.com.ar\/usina1\/wp-json\/wp\/v2\/posts\/20829\/revisions"}],"wp:featuredmedia":[{"embeddable":true,"href":"https:\/\/enteculturalsantafesino.com.ar\/usina1\/wp-json\/wp\/v2\/media\/20832"}],"wp:attachment":[{"href":"https:\/\/enteculturalsantafesino.com.ar\/usina1\/wp-json\/wp\/v2\/media?parent=20829"}],"wp:term":[{"taxonomy":"category","embeddable":true,"href":"https:\/\/enteculturalsantafesino.com.ar\/usina1\/wp-json\/wp\/v2\/categories?post=20829"},{"taxonomy":"post_tag","embeddable":true,"href":"https:\/\/enteculturalsantafesino.com.ar\/usina1\/wp-json\/wp\/v2\/tags?post=20829"}],"curies":[{"name":"wp","href":"https:\/\/api.w.org\/{rel}","templated":true}]}}