{"id":23431,"date":"2023-11-05T06:33:18","date_gmt":"2023-11-05T06:33:18","guid":{"rendered":"http:\/\/enteculturalsantafesino.com.ar\/usina1\/?p=23431"},"modified":"2023-11-05T06:40:11","modified_gmt":"2023-11-05T06:40:11","slug":"arte-en-pelotas-y-campeones-se-inauguro-en-casas","status":"publish","type":"post","link":"https:\/\/enteculturalsantafesino.com.ar\/usina1\/2023\/11\/arte-en-pelotas-y-campeones-se-inauguro-en-casas\/","title":{"rendered":"\u00abArte en Pelotas\u00bb y \u00abCampeones\u00bb se inaugur\u00f3 en Casas"},"content":{"rendered":"\n<p>Las exposiciones forman parte de la gira itinerante de la&nbsp;<strong>Usina Cultura I (Norte)<\/strong>&nbsp;del&nbsp;<strong>Ente Cultural<\/strong>&nbsp;<strong>Santafesino<\/strong>. Se podr\u00e1 visitar hasta el pr\u00f3ximo <strong>mi\u00e9rcoles 8 de noviembre.<\/strong><\/p>\n\n\n\n<p>Este <strong>viernes 3 <\/strong>qued\u00f3 oficialmente inaugurada la muestra itinerante&nbsp;<strong>\u201cArte en Pelotas\u201d&nbsp;<\/strong>y<strong>&nbsp;\u201cCampeones\u201d<\/strong>&nbsp;en la comunidad perteneciente al dpto. San Martin, junto a la presencia de autoridades locales y del joven artista <strong>Leonel Galv\u00e1n<\/strong>, que intervino el bal\u00f3n local. La misma estar\u00e1 disponible en la Sala de la Cultura, continuando con el recorrido por las comunidades pertenecientes a la Usina Cultural I (Norte) del Ente Cultural.<\/p>\n\n\n\n<p>&nbsp;<strong>&nbsp; \u201cArte en Pelotas\u201d&nbsp;<\/strong>fue generada desde los&nbsp;<strong>Entes Culturales Santafesinos y Cordob\u00e9s<\/strong>&nbsp;durante 2022, exponiendo un centenar de obras de arte sobre balones de f\u00fatbol, originados desde comunidades santafesinas y del sudeste cordob\u00e9s. El programa consiste en la intervenci\u00f3n art\u00edstica sobre pelotas de f\u00fatbol, las cuales son pintadas en forma colectiva o individual. En dicha producci\u00f3n se refleja la idiosincrasia, el paisaje, la historia y el esp\u00edritu deportivo de cada comunidad participante.<\/p>\n\n\n\n<p><em>Esta propuesta sigue, promoviendo esta maravillosa propuesta que posibilita disfrutar del talento de nuestros artistas pl\u00e1sticos, como as\u00ed tambi\u00e9n del reconocimiento a los Campeones de 1978, 1986 y 2022\u00bb<\/em>. manifest\u00f3<strong>&nbsp;Claudia Giaccone<\/strong>.<\/p>\n\n\n\n<p><em>El programa&nbsp;<strong>\u00abArte en Pelotas\u00bb<\/strong>&nbsp;consiste en la intervenci\u00f3n art\u00edstica sobre pelotas de f\u00fatbol, las cuales son pintadas en forma colectiva o individual. En dicha producci\u00f3n se refleja la idiosincrasia, el paisaje, la historia y el esp\u00edritu deportivo de cada comunidad participante.<\/em><\/p>\n\n\n\n<p>&nbsp;Adem\u00e1s, se present\u00f3 la muestra&nbsp;<strong>\u201cCampeones\u201d<\/strong>&nbsp;con las obras del artista Alfredo \u201cAlfy\u201d Blanco, una propuesta que reconoce a los Campeones Mundiales 1978, 1986 y 2022, nacidos en las provincias de Santa Fe y C\u00f3rdoba.<\/p>\n\n\n\n<p>&nbsp;&nbsp; Blanco, quien tambi\u00e9n es m\u00e9dico pediatra, realiz\u00f3 las caricaturas de Daniel Killer, C\u00e9sar Menotti y Sergio Almir\u00f3n (Rosario), Leopoldo Luque y Pedro Pasculli en la capital provincial; N\u00e9stor Clausen (Arruf\u00f3), Ricardo Giusti (Albarellos) Nery Pumpido (Monje), H\u00e9ctor Zelada (Maciel), Jorge Valdano (Las Parejas) y Marcelo Trobbiani (Casilda), Lionel Messi, \u00c1ngel Di Maria y \u00c1ngel Correa (Rosario), Franco Armani (Casilda), Walter Samuel (Firmat) y Lionel Scaloni (Pujato).<\/p>\n\n\n\n<figure class=\"wp-block-gallery columns-4 is-cropped wp-block-gallery-1 is-layout-flex wp-block-gallery-is-layout-flex\"><ul class=\"blocks-gallery-grid\"><li class=\"blocks-gallery-item\"><figure><img loading=\"lazy\" decoding=\"async\" width=\"1024\" height=\"762\" src=\"http:\/\/enteculturalsantafesino.com.ar\/usina1\/wp-content\/uploads\/2023\/11\/1130b047-f718-42a4-9da4-ae3aa471def2-e1699165712487-1024x762.jpg\" alt=\"\" data-id=\"23432\" data-full-url=\"http:\/\/enteculturalsantafesino.com.ar\/usina1\/wp-content\/uploads\/2023\/11\/1130b047-f718-42a4-9da4-ae3aa471def2-e1699165712487.jpg\" data-link=\"http:\/\/enteculturalsantafesino.com.ar\/usina1\/?attachment_id=23432\" class=\"wp-image-23432\" srcset=\"https:\/\/enteculturalsantafesino.com.ar\/usina1\/wp-content\/uploads\/2023\/11\/1130b047-f718-42a4-9da4-ae3aa471def2-e1699165712487-1024x762.jpg 1024w, https:\/\/enteculturalsantafesino.com.ar\/usina1\/wp-content\/uploads\/2023\/11\/1130b047-f718-42a4-9da4-ae3aa471def2-e1699165712487-300x223.jpg 300w, https:\/\/enteculturalsantafesino.com.ar\/usina1\/wp-content\/uploads\/2023\/11\/1130b047-f718-42a4-9da4-ae3aa471def2-e1699165712487-768x572.jpg 768w, https:\/\/enteculturalsantafesino.com.ar\/usina1\/wp-content\/uploads\/2023\/11\/1130b047-f718-42a4-9da4-ae3aa471def2-e1699165712487.jpg 1424w\" sizes=\"(max-width: 1024px) 100vw, 1024px\" \/><\/figure><\/li><li class=\"blocks-gallery-item\"><figure><img loading=\"lazy\" decoding=\"async\" width=\"1024\" height=\"768\" src=\"http:\/\/enteculturalsantafesino.com.ar\/usina1\/wp-content\/uploads\/2023\/11\/03dbc4d5-31b9-493f-8d8c-4f176de9d5d1-1024x768.jpg\" alt=\"\" data-id=\"23434\" data-full-url=\"http:\/\/enteculturalsantafesino.com.ar\/usina1\/wp-content\/uploads\/2023\/11\/03dbc4d5-31b9-493f-8d8c-4f176de9d5d1.jpg\" data-link=\"http:\/\/enteculturalsantafesino.com.ar\/usina1\/?attachment_id=23434\" class=\"wp-image-23434\" srcset=\"https:\/\/enteculturalsantafesino.com.ar\/usina1\/wp-content\/uploads\/2023\/11\/03dbc4d5-31b9-493f-8d8c-4f176de9d5d1-1024x768.jpg 1024w, https:\/\/enteculturalsantafesino.com.ar\/usina1\/wp-content\/uploads\/2023\/11\/03dbc4d5-31b9-493f-8d8c-4f176de9d5d1-300x225.jpg 300w, https:\/\/enteculturalsantafesino.com.ar\/usina1\/wp-content\/uploads\/2023\/11\/03dbc4d5-31b9-493f-8d8c-4f176de9d5d1-768x576.jpg 768w, https:\/\/enteculturalsantafesino.com.ar\/usina1\/wp-content\/uploads\/2023\/11\/03dbc4d5-31b9-493f-8d8c-4f176de9d5d1-1536x1152.jpg 1536w, https:\/\/enteculturalsantafesino.com.ar\/usina1\/wp-content\/uploads\/2023\/11\/03dbc4d5-31b9-493f-8d8c-4f176de9d5d1.jpg 1600w\" sizes=\"(max-width: 1024px) 100vw, 1024px\" \/><\/figure><\/li><li class=\"blocks-gallery-item\"><figure><img loading=\"lazy\" decoding=\"async\" width=\"1024\" height=\"768\" src=\"http:\/\/enteculturalsantafesino.com.ar\/usina1\/wp-content\/uploads\/2023\/11\/7f48a404-dd96-4f1a-aca5-9c9ff7d8364c-1024x768.jpg\" alt=\"\" data-id=\"23435\" data-full-url=\"http:\/\/enteculturalsantafesino.com.ar\/usina1\/wp-content\/uploads\/2023\/11\/7f48a404-dd96-4f1a-aca5-9c9ff7d8364c.jpg\" data-link=\"http:\/\/enteculturalsantafesino.com.ar\/usina1\/?attachment_id=23435\" class=\"wp-image-23435\" srcset=\"https:\/\/enteculturalsantafesino.com.ar\/usina1\/wp-content\/uploads\/2023\/11\/7f48a404-dd96-4f1a-aca5-9c9ff7d8364c-1024x768.jpg 1024w, https:\/\/enteculturalsantafesino.com.ar\/usina1\/wp-content\/uploads\/2023\/11\/7f48a404-dd96-4f1a-aca5-9c9ff7d8364c-300x225.jpg 300w, https:\/\/enteculturalsantafesino.com.ar\/usina1\/wp-content\/uploads\/2023\/11\/7f48a404-dd96-4f1a-aca5-9c9ff7d8364c-768x576.jpg 768w, https:\/\/enteculturalsantafesino.com.ar\/usina1\/wp-content\/uploads\/2023\/11\/7f48a404-dd96-4f1a-aca5-9c9ff7d8364c-1536x1152.jpg 1536w, https:\/\/enteculturalsantafesino.com.ar\/usina1\/wp-content\/uploads\/2023\/11\/7f48a404-dd96-4f1a-aca5-9c9ff7d8364c.jpg 1600w\" sizes=\"(max-width: 1024px) 100vw, 1024px\" \/><\/figure><\/li><li class=\"blocks-gallery-item\"><figure><img loading=\"lazy\" decoding=\"async\" width=\"768\" height=\"1024\" src=\"http:\/\/enteculturalsantafesino.com.ar\/usina1\/wp-content\/uploads\/2023\/11\/a5b841ac-1963-4505-8744-68abee6df8fc-768x1024.jpg\" alt=\"\" data-id=\"23436\" data-full-url=\"http:\/\/enteculturalsantafesino.com.ar\/usina1\/wp-content\/uploads\/2023\/11\/a5b841ac-1963-4505-8744-68abee6df8fc.jpg\" data-link=\"http:\/\/enteculturalsantafesino.com.ar\/usina1\/?attachment_id=23436\" class=\"wp-image-23436\" srcset=\"https:\/\/enteculturalsantafesino.com.ar\/usina1\/wp-content\/uploads\/2023\/11\/a5b841ac-1963-4505-8744-68abee6df8fc-768x1024.jpg 768w, https:\/\/enteculturalsantafesino.com.ar\/usina1\/wp-content\/uploads\/2023\/11\/a5b841ac-1963-4505-8744-68abee6df8fc-225x300.jpg 225w, https:\/\/enteculturalsantafesino.com.ar\/usina1\/wp-content\/uploads\/2023\/11\/a5b841ac-1963-4505-8744-68abee6df8fc-1152x1536.jpg 1152w, https:\/\/enteculturalsantafesino.com.ar\/usina1\/wp-content\/uploads\/2023\/11\/a5b841ac-1963-4505-8744-68abee6df8fc.jpg 1200w\" sizes=\"(max-width: 768px) 100vw, 768px\" \/><\/figure><\/li><\/ul><\/figure>\n\n\n\n<p><strong>&nbsp;&nbsp; <\/strong><\/p>\n","protected":false},"excerpt":{"rendered":"<p>Las exposiciones forman parte de la gira itinerante de la&nbsp;Usina Cultura I (Norte)&nbsp;del&nbsp;Ente Cultural&nbsp;Santafesino. Se podr\u00e1 visitar [&hellip;]<\/p>\n","protected":false},"author":3,"featured_media":23432,"comment_status":"closed","ping_status":"closed","sticky":false,"template":"","format":"standard","meta":{"_jetpack_memberships_contains_paid_content":false,"footnotes":"","jetpack_publicize_message":"","jetpack_publicize_feature_enabled":true,"jetpack_social_post_already_shared":true,"jetpack_social_options":{"image_generator_settings":{"template":"highway","enabled":false}}},"categories":[63,1,38],"tags":[],"jetpack_publicize_connections":[],"jetpack_sharing_enabled":true,"jetpack_featured_media_url":"https:\/\/enteculturalsantafesino.com.ar\/usina1\/wp-content\/uploads\/2023\/11\/1130b047-f718-42a4-9da4-ae3aa471def2-e1699165712487.jpg","_links":{"self":[{"href":"https:\/\/enteculturalsantafesino.com.ar\/usina1\/wp-json\/wp\/v2\/posts\/23431"}],"collection":[{"href":"https:\/\/enteculturalsantafesino.com.ar\/usina1\/wp-json\/wp\/v2\/posts"}],"about":[{"href":"https:\/\/enteculturalsantafesino.com.ar\/usina1\/wp-json\/wp\/v2\/types\/post"}],"author":[{"embeddable":true,"href":"https:\/\/enteculturalsantafesino.com.ar\/usina1\/wp-json\/wp\/v2\/users\/3"}],"replies":[{"embeddable":true,"href":"https:\/\/enteculturalsantafesino.com.ar\/usina1\/wp-json\/wp\/v2\/comments?post=23431"}],"version-history":[{"count":2,"href":"https:\/\/enteculturalsantafesino.com.ar\/usina1\/wp-json\/wp\/v2\/posts\/23431\/revisions"}],"predecessor-version":[{"id":23438,"href":"https:\/\/enteculturalsantafesino.com.ar\/usina1\/wp-json\/wp\/v2\/posts\/23431\/revisions\/23438"}],"wp:featuredmedia":[{"embeddable":true,"href":"https:\/\/enteculturalsantafesino.com.ar\/usina1\/wp-json\/wp\/v2\/media\/23432"}],"wp:attachment":[{"href":"https:\/\/enteculturalsantafesino.com.ar\/usina1\/wp-json\/wp\/v2\/media?parent=23431"}],"wp:term":[{"taxonomy":"category","embeddable":true,"href":"https:\/\/enteculturalsantafesino.com.ar\/usina1\/wp-json\/wp\/v2\/categories?post=23431"},{"taxonomy":"post_tag","embeddable":true,"href":"https:\/\/enteculturalsantafesino.com.ar\/usina1\/wp-json\/wp\/v2\/tags?post=23431"}],"curies":[{"name":"wp","href":"https:\/\/api.w.org\/{rel}","templated":true}]}}