{"id":23673,"date":"2024-03-27T06:47:21","date_gmt":"2024-03-27T06:47:21","guid":{"rendered":"http:\/\/enteculturalsantafesino.com.ar\/usina1\/?p=23673"},"modified":"2024-03-27T06:48:54","modified_gmt":"2024-03-27T06:48:54","slug":"con-un-gran-marco-se-presento-el-plan-2024-del-ente-cultural-santafesino","status":"publish","type":"post","link":"https:\/\/enteculturalsantafesino.com.ar\/usina1\/2024\/03\/con-un-gran-marco-se-presento-el-plan-2024-del-ente-cultural-santafesino\/","title":{"rendered":"Con un gran marco se present\u00f3 el \u00abPlan 2024\u00bb del Ente Cultural Santafesino"},"content":{"rendered":"\n<p>Durante la tarde del <strong>martes 26<\/strong> en la sala de <strong>Sociedad Italiana<\/strong> de la cabecera del dpto. San Mart\u00edn, se present\u00f3 el <strong>\u00abPlan Anual 2024\u00bb<\/strong> con la presencia de un centenar de autoridades, representantes y referentes culturales de distintos rincones de la provincia de Santa Fe, quienes participaron de los anuncios de los diversos programas, proyectos y acciones delineados por este espacio cultural; el cual articula a las diversas Usinas Culturales integradas por pueblos y ciudades de la provincia de Santa Fe y la regi\u00f3n del sudeste cordob\u00e9s, en el marco del <strong>16\u00b0 Aniversario.<\/strong><\/p>\n\n\n\n<p>El <strong>Ente Cultural Santafesino<\/strong> creado el 26 de junio de 2008, posibilita la interacci\u00f3n activa de los distintos organismos culturales de cada comunidad participante, logrando acuerdos y pol\u00edticas culturales que reflejen una mayor y mejor jerarquizaci\u00f3n en las diversas gestiones.<\/p>\n\n\n\n<p>La jornada estuvo acompa\u00f1ada del talento, la m\u00fasica y la danza a trav\u00e9s de los profesores del <strong>Liceo Municipal \u00abOlindo Strada\u00bb <\/strong>y de la banda musical de la destacada e hist\u00f3rica<strong> Comparsa \u00abPenamb\u00ed\u00bb <\/strong><\/p>\n\n\n\n<p>La <strong>Intendente Mar\u00eda del Carmen de Brunazzo<\/strong> agradeci\u00f3 la presencia de todos y dio la bienvenida a su ciudad, la cual respira cultura y se potencia como un gran centro de la cultura regional.<\/p>\n\n\n\n<p>El S<strong>enador del Dpto San Martin Esteban Motta<\/strong> manifest\u00f3 que Sastre no solo es la Capital Provincial del Carnaval, sino tambi\u00e9n es una ciudad que proyecta desde sus cursos y talleres una gran oferta de oportunidades para cada vecino de la cabecera departamental. \u201c<em>Debemos romper las barreras culturales; hoy tener tantos municipios y\u00a0localidades, trabajando en forma conjunta nos alienta a seguir acompa\u00f1ando\u201d<\/em><\/p>\n\n\n\n<p>El flamante <strong>Presidente del Ente Cultural Santafesino Franco De Cristofano<\/strong>, present\u00f3 a todo el equipo directivo que coordinar\u00e1 a las distintas Usinas Culturales y agradeci\u00f3 el permanente acompa\u00f1amiento de Claudia Giaccone quien es un eslab\u00f3n fundamental en la construcci\u00f3n colectiva de este espacio cultural. <em>\u00abEl Ente nos permite seguir transitando el camino de la diversidad en una provincia muy rica, comprometi\u00e9ndome a visitar cada logro que nos demanda este Plan 2024\u201d<\/em><\/p>\n\n\n\n<p><strong>Claudia Giaccone<\/strong> resalt\u00f3 los valores del Ente Cultura Santafesino y manifest\u00f3 que hoy se transform\u00f3 en una herramienta esencial para la provincia de Santa Fe. <em>\u00abEl Ente Cultural Santafesino no compite con nadie, al contrario viene a potenciar todo el trabajo que se desarrolla en cada rinc\u00f3n santafesino\u201d<\/em><\/p>\n\n\n\n<p>Posteriormente el <strong>Coordinador del Ente Cultural Santafesino Prof. Fernando Banegas,<\/strong> detall\u00f3 los objetivos y fundamentos trazados por este espacio, que articula a las diversas Usinas Culturales integradas por pueblos y ciudades de la provincia de Santa Fe y la regi\u00f3n del sudeste de C\u00f3rdoba. <\/p>\n\n\n\n<p>Se anunciaron los distintos programas que se realizar\u00e1n, difundiendo una importante agenda de trabajo, cargada de actividades y gestiones distribuidas en cada Usina Cultural provincia, cubriendo los requerimientos de cada una de las comunidades adherentes y todos los aspectos de la cultura, como son la m\u00fasica, la pl\u00e1stica, la\u00a0 literatura, la historia, la ciencia, y otras. <\/p>\n\n\n\n<p><strong>Equipo Directivo:<\/strong><\/p>\n\n\n\n<p><strong>Usina I Sur. Claudio Pellegrini (Villa Eloisa) y Elaine Escud\u00e9 (Totoras)<\/strong><\/p>\n\n\n\n<p><strong>Usina I Norte: Flavia Curone (Bouquet), Juli\u00e1n Lencina (Montes de Oca) y Leonardo Carrozza (Mar\u00eda Susana)<\/strong><\/p>\n\n\n\n<p><strong>Usina II: Maximiliano Depetris (Ramona)<\/strong><\/p>\n\n\n\n<p><strong>Usina III Norte: Franco De Cristofano (Arroyo Seco)<\/strong><\/p>\n\n\n\n<p><strong>Usina III Sur: Ernesto Sunde (Santa Isabel) y Cecilia De Francesco (Chabas)<\/strong><\/p>\n\n\n\n<p><strong>Usina IV: Ileana Albornoz (Coronda) y Marcela Geminale (Pueblo Andino)<\/strong><\/p>\n\n\n\n<p><strong>Usina V: German Bertolini (Hersilia)<\/strong><\/p>\n\n\n\n<p><strong>Usina VI; Clauia Rabellino (Tostado)<\/strong><\/p>\n\n\n\n<p><strong>Usina VII: Silvio Oliva (Las Garzas)<\/strong><\/p>\n\n\n\n<figure class=\"wp-block-gallery has-nested-images columns-default is-cropped wp-block-gallery-1 is-layout-flex wp-block-gallery-is-layout-flex\">\n<figure class=\"wp-block-image size-large\"><a href=\"http:\/\/enteculturalsantafesino.com.ar\/usina1\/wp-content\/uploads\/2024\/03\/1c7e54e5-3cbe-42dc-881f-7b68b66e1b7a.jpg\" rel=\"lightbox[23673]\"><img loading=\"lazy\" decoding=\"async\" width=\"1024\" height=\"768\" data-id=\"23674\" src=\"http:\/\/enteculturalsantafesino.com.ar\/usina1\/wp-content\/uploads\/2024\/03\/1c7e54e5-3cbe-42dc-881f-7b68b66e1b7a-1024x768.jpg\" alt=\"\" class=\"wp-image-23674\" srcset=\"https:\/\/enteculturalsantafesino.com.ar\/usina1\/wp-content\/uploads\/2024\/03\/1c7e54e5-3cbe-42dc-881f-7b68b66e1b7a-1024x768.jpg 1024w, https:\/\/enteculturalsantafesino.com.ar\/usina1\/wp-content\/uploads\/2024\/03\/1c7e54e5-3cbe-42dc-881f-7b68b66e1b7a-300x225.jpg 300w, https:\/\/enteculturalsantafesino.com.ar\/usina1\/wp-content\/uploads\/2024\/03\/1c7e54e5-3cbe-42dc-881f-7b68b66e1b7a-768x576.jpg 768w, https:\/\/enteculturalsantafesino.com.ar\/usina1\/wp-content\/uploads\/2024\/03\/1c7e54e5-3cbe-42dc-881f-7b68b66e1b7a-1536x1152.jpg 1536w, https:\/\/enteculturalsantafesino.com.ar\/usina1\/wp-content\/uploads\/2024\/03\/1c7e54e5-3cbe-42dc-881f-7b68b66e1b7a.jpg 1600w\" sizes=\"(max-width: 1024px) 100vw, 1024px\" \/><\/a><\/figure>\n\n\n\n<figure class=\"wp-block-image size-large\"><a href=\"http:\/\/enteculturalsantafesino.com.ar\/usina1\/wp-content\/uploads\/2024\/03\/6c11cf2d-a0e5-4f14-acac-ac18df677904.jpg\" rel=\"lightbox[23673]\"><img loading=\"lazy\" decoding=\"async\" width=\"1024\" height=\"768\" data-id=\"23675\" src=\"http:\/\/enteculturalsantafesino.com.ar\/usina1\/wp-content\/uploads\/2024\/03\/6c11cf2d-a0e5-4f14-acac-ac18df677904-1024x768.jpg\" alt=\"\" class=\"wp-image-23675\" srcset=\"https:\/\/enteculturalsantafesino.com.ar\/usina1\/wp-content\/uploads\/2024\/03\/6c11cf2d-a0e5-4f14-acac-ac18df677904-1024x768.jpg 1024w, https:\/\/enteculturalsantafesino.com.ar\/usina1\/wp-content\/uploads\/2024\/03\/6c11cf2d-a0e5-4f14-acac-ac18df677904-300x225.jpg 300w, https:\/\/enteculturalsantafesino.com.ar\/usina1\/wp-content\/uploads\/2024\/03\/6c11cf2d-a0e5-4f14-acac-ac18df677904-768x576.jpg 768w, https:\/\/enteculturalsantafesino.com.ar\/usina1\/wp-content\/uploads\/2024\/03\/6c11cf2d-a0e5-4f14-acac-ac18df677904-1536x1152.jpg 1536w, https:\/\/enteculturalsantafesino.com.ar\/usina1\/wp-content\/uploads\/2024\/03\/6c11cf2d-a0e5-4f14-acac-ac18df677904.jpg 1600w\" sizes=\"(max-width: 1024px) 100vw, 1024px\" \/><\/a><\/figure>\n\n\n\n<figure class=\"wp-block-image size-large\"><a href=\"http:\/\/enteculturalsantafesino.com.ar\/usina1\/wp-content\/uploads\/2024\/03\/6c71843b-d24f-4149-abb3-666225f024b4.jpg\" rel=\"lightbox[23673]\"><img loading=\"lazy\" decoding=\"async\" width=\"1024\" height=\"768\" data-id=\"23676\" src=\"http:\/\/enteculturalsantafesino.com.ar\/usina1\/wp-content\/uploads\/2024\/03\/6c71843b-d24f-4149-abb3-666225f024b4-1024x768.jpg\" alt=\"\" class=\"wp-image-23676\" srcset=\"https:\/\/enteculturalsantafesino.com.ar\/usina1\/wp-content\/uploads\/2024\/03\/6c71843b-d24f-4149-abb3-666225f024b4-1024x768.jpg 1024w, https:\/\/enteculturalsantafesino.com.ar\/usina1\/wp-content\/uploads\/2024\/03\/6c71843b-d24f-4149-abb3-666225f024b4-300x225.jpg 300w, https:\/\/enteculturalsantafesino.com.ar\/usina1\/wp-content\/uploads\/2024\/03\/6c71843b-d24f-4149-abb3-666225f024b4-768x576.jpg 768w, https:\/\/enteculturalsantafesino.com.ar\/usina1\/wp-content\/uploads\/2024\/03\/6c71843b-d24f-4149-abb3-666225f024b4-1536x1152.jpg 1536w, https:\/\/enteculturalsantafesino.com.ar\/usina1\/wp-content\/uploads\/2024\/03\/6c71843b-d24f-4149-abb3-666225f024b4.jpg 1600w\" sizes=\"(max-width: 1024px) 100vw, 1024px\" \/><\/a><\/figure>\n\n\n\n<figure class=\"wp-block-image size-large\"><a href=\"http:\/\/enteculturalsantafesino.com.ar\/usina1\/wp-content\/uploads\/2024\/03\/9a21382d-8b92-4862-a2f3-153126a60648.jpg\" rel=\"lightbox[23673]\"><img loading=\"lazy\" decoding=\"async\" width=\"1014\" height=\"1024\" data-id=\"23677\" src=\"http:\/\/enteculturalsantafesino.com.ar\/usina1\/wp-content\/uploads\/2024\/03\/9a21382d-8b92-4862-a2f3-153126a60648-1014x1024.jpg\" alt=\"\" class=\"wp-image-23677\" srcset=\"https:\/\/enteculturalsantafesino.com.ar\/usina1\/wp-content\/uploads\/2024\/03\/9a21382d-8b92-4862-a2f3-153126a60648-1014x1024.jpg 1014w, https:\/\/enteculturalsantafesino.com.ar\/usina1\/wp-content\/uploads\/2024\/03\/9a21382d-8b92-4862-a2f3-153126a60648-297x300.jpg 297w, https:\/\/enteculturalsantafesino.com.ar\/usina1\/wp-content\/uploads\/2024\/03\/9a21382d-8b92-4862-a2f3-153126a60648-150x150.jpg 150w, https:\/\/enteculturalsantafesino.com.ar\/usina1\/wp-content\/uploads\/2024\/03\/9a21382d-8b92-4862-a2f3-153126a60648-768x776.jpg 768w, https:\/\/enteculturalsantafesino.com.ar\/usina1\/wp-content\/uploads\/2024\/03\/9a21382d-8b92-4862-a2f3-153126a60648-53x53.jpg 53w, https:\/\/enteculturalsantafesino.com.ar\/usina1\/wp-content\/uploads\/2024\/03\/9a21382d-8b92-4862-a2f3-153126a60648.jpg 1080w\" sizes=\"(max-width: 1014px) 100vw, 1014px\" \/><\/a><\/figure>\n\n\n\n<figure class=\"wp-block-image size-large\"><a href=\"http:\/\/enteculturalsantafesino.com.ar\/usina1\/wp-content\/uploads\/2024\/03\/9c107c98-58c6-4655-b683-dca44225b0f9.jpg\" rel=\"lightbox[23673]\"><img loading=\"lazy\" decoding=\"async\" width=\"1024\" height=\"768\" data-id=\"23678\" src=\"http:\/\/enteculturalsantafesino.com.ar\/usina1\/wp-content\/uploads\/2024\/03\/9c107c98-58c6-4655-b683-dca44225b0f9-1024x768.jpg\" alt=\"\" class=\"wp-image-23678\" srcset=\"https:\/\/enteculturalsantafesino.com.ar\/usina1\/wp-content\/uploads\/2024\/03\/9c107c98-58c6-4655-b683-dca44225b0f9-1024x768.jpg 1024w, https:\/\/enteculturalsantafesino.com.ar\/usina1\/wp-content\/uploads\/2024\/03\/9c107c98-58c6-4655-b683-dca44225b0f9-300x225.jpg 300w, https:\/\/enteculturalsantafesino.com.ar\/usina1\/wp-content\/uploads\/2024\/03\/9c107c98-58c6-4655-b683-dca44225b0f9-768x576.jpg 768w, https:\/\/enteculturalsantafesino.com.ar\/usina1\/wp-content\/uploads\/2024\/03\/9c107c98-58c6-4655-b683-dca44225b0f9-1536x1152.jpg 1536w, https:\/\/enteculturalsantafesino.com.ar\/usina1\/wp-content\/uploads\/2024\/03\/9c107c98-58c6-4655-b683-dca44225b0f9.jpg 1600w\" sizes=\"(max-width: 1024px) 100vw, 1024px\" \/><\/a><\/figure>\n\n\n\n<figure class=\"wp-block-image size-large\"><a href=\"http:\/\/enteculturalsantafesino.com.ar\/usina1\/wp-content\/uploads\/2024\/03\/76d68b63-dd39-4f4d-af8b-bcc353723284.jpg\" rel=\"lightbox[23673]\"><img loading=\"lazy\" decoding=\"async\" width=\"1024\" height=\"768\" data-id=\"23679\" src=\"http:\/\/enteculturalsantafesino.com.ar\/usina1\/wp-content\/uploads\/2024\/03\/76d68b63-dd39-4f4d-af8b-bcc353723284-1024x768.jpg\" alt=\"\" class=\"wp-image-23679\" srcset=\"https:\/\/enteculturalsantafesino.com.ar\/usina1\/wp-content\/uploads\/2024\/03\/76d68b63-dd39-4f4d-af8b-bcc353723284-1024x768.jpg 1024w, https:\/\/enteculturalsantafesino.com.ar\/usina1\/wp-content\/uploads\/2024\/03\/76d68b63-dd39-4f4d-af8b-bcc353723284-300x225.jpg 300w, https:\/\/enteculturalsantafesino.com.ar\/usina1\/wp-content\/uploads\/2024\/03\/76d68b63-dd39-4f4d-af8b-bcc353723284-768x576.jpg 768w, https:\/\/enteculturalsantafesino.com.ar\/usina1\/wp-content\/uploads\/2024\/03\/76d68b63-dd39-4f4d-af8b-bcc353723284-1536x1152.jpg 1536w, https:\/\/enteculturalsantafesino.com.ar\/usina1\/wp-content\/uploads\/2024\/03\/76d68b63-dd39-4f4d-af8b-bcc353723284.jpg 1600w\" sizes=\"(max-width: 1024px) 100vw, 1024px\" \/><\/a><\/figure>\n\n\n\n<figure class=\"wp-block-image size-large\"><a href=\"http:\/\/enteculturalsantafesino.com.ar\/usina1\/wp-content\/uploads\/2024\/03\/834a85e8-928f-4ac9-a0b0-ec0b1f96729d.jpg\" rel=\"lightbox[23673]\"><img loading=\"lazy\" decoding=\"async\" width=\"1024\" height=\"768\" data-id=\"23680\" src=\"http:\/\/enteculturalsantafesino.com.ar\/usina1\/wp-content\/uploads\/2024\/03\/834a85e8-928f-4ac9-a0b0-ec0b1f96729d-1024x768.jpg\" alt=\"\" class=\"wp-image-23680\" srcset=\"https:\/\/enteculturalsantafesino.com.ar\/usina1\/wp-content\/uploads\/2024\/03\/834a85e8-928f-4ac9-a0b0-ec0b1f96729d-1024x768.jpg 1024w, https:\/\/enteculturalsantafesino.com.ar\/usina1\/wp-content\/uploads\/2024\/03\/834a85e8-928f-4ac9-a0b0-ec0b1f96729d-300x225.jpg 300w, https:\/\/enteculturalsantafesino.com.ar\/usina1\/wp-content\/uploads\/2024\/03\/834a85e8-928f-4ac9-a0b0-ec0b1f96729d-768x576.jpg 768w, https:\/\/enteculturalsantafesino.com.ar\/usina1\/wp-content\/uploads\/2024\/03\/834a85e8-928f-4ac9-a0b0-ec0b1f96729d-1536x1152.jpg 1536w, https:\/\/enteculturalsantafesino.com.ar\/usina1\/wp-content\/uploads\/2024\/03\/834a85e8-928f-4ac9-a0b0-ec0b1f96729d.jpg 1600w\" sizes=\"(max-width: 1024px) 100vw, 1024px\" \/><\/a><\/figure>\n\n\n\n<figure class=\"wp-block-image size-large\"><a href=\"http:\/\/enteculturalsantafesino.com.ar\/usina1\/wp-content\/uploads\/2024\/03\/1799854d-6162-453e-a003-faff8d67d781.jpg\" rel=\"lightbox[23673]\"><img loading=\"lazy\" decoding=\"async\" width=\"1024\" height=\"768\" data-id=\"23681\" src=\"http:\/\/enteculturalsantafesino.com.ar\/usina1\/wp-content\/uploads\/2024\/03\/1799854d-6162-453e-a003-faff8d67d781-1024x768.jpg\" alt=\"\" class=\"wp-image-23681\" srcset=\"https:\/\/enteculturalsantafesino.com.ar\/usina1\/wp-content\/uploads\/2024\/03\/1799854d-6162-453e-a003-faff8d67d781-1024x768.jpg 1024w, https:\/\/enteculturalsantafesino.com.ar\/usina1\/wp-content\/uploads\/2024\/03\/1799854d-6162-453e-a003-faff8d67d781-300x225.jpg 300w, https:\/\/enteculturalsantafesino.com.ar\/usina1\/wp-content\/uploads\/2024\/03\/1799854d-6162-453e-a003-faff8d67d781-768x576.jpg 768w, https:\/\/enteculturalsantafesino.com.ar\/usina1\/wp-content\/uploads\/2024\/03\/1799854d-6162-453e-a003-faff8d67d781-1536x1152.jpg 1536w, https:\/\/enteculturalsantafesino.com.ar\/usina1\/wp-content\/uploads\/2024\/03\/1799854d-6162-453e-a003-faff8d67d781.jpg 1600w\" sizes=\"(max-width: 1024px) 100vw, 1024px\" \/><\/a><\/figure>\n\n\n\n<figure class=\"wp-block-image size-large\"><a href=\"http:\/\/enteculturalsantafesino.com.ar\/usina1\/wp-content\/uploads\/2024\/03\/67636586-2c29-46ad-8cdf-84d046211290.jpg\" rel=\"lightbox[23673]\"><img loading=\"lazy\" decoding=\"async\" width=\"1024\" height=\"768\" data-id=\"23682\" src=\"http:\/\/enteculturalsantafesino.com.ar\/usina1\/wp-content\/uploads\/2024\/03\/67636586-2c29-46ad-8cdf-84d046211290-1024x768.jpg\" alt=\"\" class=\"wp-image-23682\" srcset=\"https:\/\/enteculturalsantafesino.com.ar\/usina1\/wp-content\/uploads\/2024\/03\/67636586-2c29-46ad-8cdf-84d046211290-1024x768.jpg 1024w, https:\/\/enteculturalsantafesino.com.ar\/usina1\/wp-content\/uploads\/2024\/03\/67636586-2c29-46ad-8cdf-84d046211290-300x225.jpg 300w, https:\/\/enteculturalsantafesino.com.ar\/usina1\/wp-content\/uploads\/2024\/03\/67636586-2c29-46ad-8cdf-84d046211290-768x576.jpg 768w, https:\/\/enteculturalsantafesino.com.ar\/usina1\/wp-content\/uploads\/2024\/03\/67636586-2c29-46ad-8cdf-84d046211290-1536x1152.jpg 1536w, https:\/\/enteculturalsantafesino.com.ar\/usina1\/wp-content\/uploads\/2024\/03\/67636586-2c29-46ad-8cdf-84d046211290.jpg 1600w\" sizes=\"(max-width: 1024px) 100vw, 1024px\" \/><\/a><\/figure>\n\n\n\n<figure class=\"wp-block-image size-large\"><a href=\"http:\/\/enteculturalsantafesino.com.ar\/usina1\/wp-content\/uploads\/2024\/03\/a7f22a0b-a1a8-40d4-a512-f1f2565be41d.jpg\" rel=\"lightbox[23673]\"><img loading=\"lazy\" decoding=\"async\" width=\"1024\" height=\"768\" data-id=\"23683\" src=\"http:\/\/enteculturalsantafesino.com.ar\/usina1\/wp-content\/uploads\/2024\/03\/a7f22a0b-a1a8-40d4-a512-f1f2565be41d-1024x768.jpg\" alt=\"\" class=\"wp-image-23683\" srcset=\"https:\/\/enteculturalsantafesino.com.ar\/usina1\/wp-content\/uploads\/2024\/03\/a7f22a0b-a1a8-40d4-a512-f1f2565be41d-1024x768.jpg 1024w, https:\/\/enteculturalsantafesino.com.ar\/usina1\/wp-content\/uploads\/2024\/03\/a7f22a0b-a1a8-40d4-a512-f1f2565be41d-300x225.jpg 300w, https:\/\/enteculturalsantafesino.com.ar\/usina1\/wp-content\/uploads\/2024\/03\/a7f22a0b-a1a8-40d4-a512-f1f2565be41d-768x576.jpg 768w, https:\/\/enteculturalsantafesino.com.ar\/usina1\/wp-content\/uploads\/2024\/03\/a7f22a0b-a1a8-40d4-a512-f1f2565be41d-1536x1152.jpg 1536w, https:\/\/enteculturalsantafesino.com.ar\/usina1\/wp-content\/uploads\/2024\/03\/a7f22a0b-a1a8-40d4-a512-f1f2565be41d.jpg 1600w\" sizes=\"(max-width: 1024px) 100vw, 1024px\" \/><\/a><\/figure>\n\n\n\n<figure class=\"wp-block-image size-large\"><a href=\"http:\/\/enteculturalsantafesino.com.ar\/usina1\/wp-content\/uploads\/2024\/03\/d69304a3-be6e-452d-99f1-ac5f914ec858.jpg\" rel=\"lightbox[23673]\"><img loading=\"lazy\" decoding=\"async\" width=\"1024\" height=\"768\" data-id=\"23684\" src=\"http:\/\/enteculturalsantafesino.com.ar\/usina1\/wp-content\/uploads\/2024\/03\/d69304a3-be6e-452d-99f1-ac5f914ec858-1024x768.jpg\" alt=\"\" class=\"wp-image-23684\" srcset=\"https:\/\/enteculturalsantafesino.com.ar\/usina1\/wp-content\/uploads\/2024\/03\/d69304a3-be6e-452d-99f1-ac5f914ec858-1024x768.jpg 1024w, https:\/\/enteculturalsantafesino.com.ar\/usina1\/wp-content\/uploads\/2024\/03\/d69304a3-be6e-452d-99f1-ac5f914ec858-300x225.jpg 300w, https:\/\/enteculturalsantafesino.com.ar\/usina1\/wp-content\/uploads\/2024\/03\/d69304a3-be6e-452d-99f1-ac5f914ec858-768x576.jpg 768w, https:\/\/enteculturalsantafesino.com.ar\/usina1\/wp-content\/uploads\/2024\/03\/d69304a3-be6e-452d-99f1-ac5f914ec858-1536x1152.jpg 1536w, https:\/\/enteculturalsantafesino.com.ar\/usina1\/wp-content\/uploads\/2024\/03\/d69304a3-be6e-452d-99f1-ac5f914ec858.jpg 1600w\" sizes=\"(max-width: 1024px) 100vw, 1024px\" \/><\/a><\/figure>\n\n\n\n<figure class=\"wp-block-image size-large\"><a href=\"http:\/\/enteculturalsantafesino.com.ar\/usina1\/wp-content\/uploads\/2024\/03\/e2242488-060f-4d8b-9515-7add9538a61b.jpg\" rel=\"lightbox[23673]\"><img loading=\"lazy\" decoding=\"async\" width=\"1024\" height=\"768\" data-id=\"23685\" src=\"http:\/\/enteculturalsantafesino.com.ar\/usina1\/wp-content\/uploads\/2024\/03\/e2242488-060f-4d8b-9515-7add9538a61b-1024x768.jpg\" alt=\"\" class=\"wp-image-23685\" srcset=\"https:\/\/enteculturalsantafesino.com.ar\/usina1\/wp-content\/uploads\/2024\/03\/e2242488-060f-4d8b-9515-7add9538a61b-1024x768.jpg 1024w, https:\/\/enteculturalsantafesino.com.ar\/usina1\/wp-content\/uploads\/2024\/03\/e2242488-060f-4d8b-9515-7add9538a61b-300x225.jpg 300w, https:\/\/enteculturalsantafesino.com.ar\/usina1\/wp-content\/uploads\/2024\/03\/e2242488-060f-4d8b-9515-7add9538a61b-768x576.jpg 768w, https:\/\/enteculturalsantafesino.com.ar\/usina1\/wp-content\/uploads\/2024\/03\/e2242488-060f-4d8b-9515-7add9538a61b-1536x1152.jpg 1536w, https:\/\/enteculturalsantafesino.com.ar\/usina1\/wp-content\/uploads\/2024\/03\/e2242488-060f-4d8b-9515-7add9538a61b.jpg 1600w\" sizes=\"(max-width: 1024px) 100vw, 1024px\" \/><\/a><\/figure>\n\n\n\n<figure class=\"wp-block-image size-large\"><a href=\"http:\/\/enteculturalsantafesino.com.ar\/usina1\/wp-content\/uploads\/2024\/03\/ed1d757f-686d-4ea9-8e61-2697c848801a.jpg\" rel=\"lightbox[23673]\"><img loading=\"lazy\" decoding=\"async\" width=\"1024\" height=\"768\" data-id=\"23686\" src=\"http:\/\/enteculturalsantafesino.com.ar\/usina1\/wp-content\/uploads\/2024\/03\/ed1d757f-686d-4ea9-8e61-2697c848801a-1024x768.jpg\" alt=\"\" class=\"wp-image-23686\" srcset=\"https:\/\/enteculturalsantafesino.com.ar\/usina1\/wp-content\/uploads\/2024\/03\/ed1d757f-686d-4ea9-8e61-2697c848801a-1024x768.jpg 1024w, https:\/\/enteculturalsantafesino.com.ar\/usina1\/wp-content\/uploads\/2024\/03\/ed1d757f-686d-4ea9-8e61-2697c848801a-300x225.jpg 300w, https:\/\/enteculturalsantafesino.com.ar\/usina1\/wp-content\/uploads\/2024\/03\/ed1d757f-686d-4ea9-8e61-2697c848801a-768x576.jpg 768w, https:\/\/enteculturalsantafesino.com.ar\/usina1\/wp-content\/uploads\/2024\/03\/ed1d757f-686d-4ea9-8e61-2697c848801a-1536x1152.jpg 1536w, https:\/\/enteculturalsantafesino.com.ar\/usina1\/wp-content\/uploads\/2024\/03\/ed1d757f-686d-4ea9-8e61-2697c848801a.jpg 1600w\" sizes=\"(max-width: 1024px) 100vw, 1024px\" \/><\/a><\/figure>\n\n\n\n<figure class=\"wp-block-image size-large\"><a href=\"http:\/\/enteculturalsantafesino.com.ar\/usina1\/wp-content\/uploads\/2024\/03\/f9d64999-0246-48e0-87df-71d787299c27.jpg\" rel=\"lightbox[23673]\"><img loading=\"lazy\" decoding=\"async\" width=\"1024\" height=\"768\" data-id=\"23687\" src=\"http:\/\/enteculturalsantafesino.com.ar\/usina1\/wp-content\/uploads\/2024\/03\/f9d64999-0246-48e0-87df-71d787299c27-1024x768.jpg\" alt=\"\" class=\"wp-image-23687\" srcset=\"https:\/\/enteculturalsantafesino.com.ar\/usina1\/wp-content\/uploads\/2024\/03\/f9d64999-0246-48e0-87df-71d787299c27-1024x768.jpg 1024w, https:\/\/enteculturalsantafesino.com.ar\/usina1\/wp-content\/uploads\/2024\/03\/f9d64999-0246-48e0-87df-71d787299c27-300x225.jpg 300w, https:\/\/enteculturalsantafesino.com.ar\/usina1\/wp-content\/uploads\/2024\/03\/f9d64999-0246-48e0-87df-71d787299c27-768x576.jpg 768w, https:\/\/enteculturalsantafesino.com.ar\/usina1\/wp-content\/uploads\/2024\/03\/f9d64999-0246-48e0-87df-71d787299c27.jpg 1280w\" sizes=\"(max-width: 1024px) 100vw, 1024px\" \/><\/a><\/figure>\n<\/figure>\n","protected":false},"excerpt":{"rendered":"<p>Durante la tarde del martes 26 en la sala de Sociedad Italiana de la cabecera del dpto. [&hellip;]<\/p>\n","protected":false},"author":3,"featured_media":23685,"comment_status":"closed","ping_status":"closed","sticky":false,"template":"","format":"standard","meta":{"_jetpack_memberships_contains_paid_content":false,"footnotes":"","jetpack_publicize_message":"","jetpack_publicize_feature_enabled":true,"jetpack_social_post_already_shared":true,"jetpack_social_options":{"image_generator_settings":{"template":"highway","enabled":false}}},"categories":[38,22],"tags":[],"jetpack_publicize_connections":[],"jetpack_sharing_enabled":true,"jetpack_featured_media_url":"https:\/\/enteculturalsantafesino.com.ar\/usina1\/wp-content\/uploads\/2024\/03\/e2242488-060f-4d8b-9515-7add9538a61b.jpg","_links":{"self":[{"href":"https:\/\/enteculturalsantafesino.com.ar\/usina1\/wp-json\/wp\/v2\/posts\/23673"}],"collection":[{"href":"https:\/\/enteculturalsantafesino.com.ar\/usina1\/wp-json\/wp\/v2\/posts"}],"about":[{"href":"https:\/\/enteculturalsantafesino.com.ar\/usina1\/wp-json\/wp\/v2\/types\/post"}],"author":[{"embeddable":true,"href":"https:\/\/enteculturalsantafesino.com.ar\/usina1\/wp-json\/wp\/v2\/users\/3"}],"replies":[{"embeddable":true,"href":"https:\/\/enteculturalsantafesino.com.ar\/usina1\/wp-json\/wp\/v2\/comments?post=23673"}],"version-history":[{"count":2,"href":"https:\/\/enteculturalsantafesino.com.ar\/usina1\/wp-json\/wp\/v2\/posts\/23673\/revisions"}],"predecessor-version":[{"id":23689,"href":"https:\/\/enteculturalsantafesino.com.ar\/usina1\/wp-json\/wp\/v2\/posts\/23673\/revisions\/23689"}],"wp:featuredmedia":[{"embeddable":true,"href":"https:\/\/enteculturalsantafesino.com.ar\/usina1\/wp-json\/wp\/v2\/media\/23685"}],"wp:attachment":[{"href":"https:\/\/enteculturalsantafesino.com.ar\/usina1\/wp-json\/wp\/v2\/media?parent=23673"}],"wp:term":[{"taxonomy":"category","embeddable":true,"href":"https:\/\/enteculturalsantafesino.com.ar\/usina1\/wp-json\/wp\/v2\/categories?post=23673"},{"taxonomy":"post_tag","embeddable":true,"href":"https:\/\/enteculturalsantafesino.com.ar\/usina1\/wp-json\/wp\/v2\/tags?post=23673"}],"curies":[{"name":"wp","href":"https:\/\/api.w.org\/{rel}","templated":true}]}}