{"id":24056,"date":"2024-09-23T02:24:51","date_gmt":"2024-09-23T02:24:51","guid":{"rendered":"http:\/\/enteculturalsantafesino.com.ar\/usina1\/?p=24056"},"modified":"2024-09-23T02:24:55","modified_gmt":"2024-09-23T02:24:55","slug":"llega-el-11-cabildo-cultural-interprovincial","status":"publish","type":"post","link":"https:\/\/enteculturalsantafesino.com.ar\/usina1\/2024\/09\/llega-el-11-cabildo-cultural-interprovincial\/","title":{"rendered":"Llega el 11\u00b0 Cabildo Cultural Interprovincial"},"content":{"rendered":"\n<p><strong>\u00abCaminos y el r\u00edo que nos unen\u00bb<\/strong>, ser\u00e1 el eje que se desarrollar\u00e1n del\u00a0<strong>24 al 27 de septiembre <\/strong>en el\u00a0<strong>11\u00b0<\/strong> <strong>Cabildo Cultural Interprovincial<\/strong><\/p>\n\n\n\n<p>Bajo la coordinaci\u00f3n del\u00a0<strong>Ente Cultural Santafesino<\/strong> y\u00a0<strong>Cordob\u00e9s<\/strong> se llevar\u00e1 a a cabo esta d\u00e9cima primera edici\u00f3n en las comunidades de:\u00a0<strong>Ordo\u00f1ez, Cruz Alta, Villada y Arequito<\/strong>; con contenidos y exposiciones que generar\u00e1n el debate que atiende prioritariamente a la diversidad cultural y a las diferentes identidades regionales de Santa Fe y el sudeste cordob\u00e9s<\/p>\n\n\n\n<p>La responsable del\u00a0<strong>Ente Cultural Santafesino Claudia Giaccone<\/strong>\u00a0manifest\u00f3 su satisfacci\u00f3n de poder activar u<em>n nuevo Cabildo el cual se pone en marcha, posibilitando generar nuevas herramientas, fortaleciendo el vinculo y la red cultural gestada desde hace a\u00f1os por el Ente Cultural Santafesino<\/em> y Cordob\u00e9s\u00ab.<\/p>\n\n\n\n<p><strong>El Presidente del Ente Cultural Santafesino Franco De Crist\u00f3fano,\u00a0<\/strong>resalt\u00f3 a este programa, que se viene realizando desde el a\u00f1o 2012<em>. \u201cEl Cabildo Cultural Santafesino origina el encuentro y la reflexi\u00f3n desde el conocimiento y los contenidos que son extra\u00eddos desde el interior del interior con los protagonistas principales provenientes de nuestras comunidades\u201d.<\/em><\/p>\n\n\n\n<p><strong>Ordo\u00f1ez:<\/strong><br>24 de septiembre \/19hs<br>Casa de la Cultura<\/p>\n\n\n\n<p>Apertura art\u00edstica<\/p>\n\n\n\n<p><strong>Disertantes:<\/strong> <em>Martin Perisset ( Carcara\u00f1a), Adriana Fraticcelli (Cruz Alta ),Dami\u00e1n \u00c1vila (San Jos\u00e9 de la Esquina), Claudia C\u00f3rdoba (Ordo\u00f1ez)y Marta Fava ( Ordo\u00f1ez)<br>Moderadora: Prof. Flavia Pesci (Cruz Alta)<\/em><\/p>\n\n\n\n<p><strong>Cruz Alta:<\/strong><br>25 de septiembre\/ 19hs<br>Casa de la Cultura<\/p>\n\n\n\n<p>Apertura art\u00edstica<\/p>\n\n\n\n<p><strong>Disertantes:<\/strong> Martin Perisset ( Carcara\u00f1a), Adriana Fraticcelli (Cruz Alta ) y H\u00e9ctor Dec\u00e1ndido ( Marcos Ju\u00e1rez)<br>Moderador: Prof. Pablo Alel( Noetinger)<\/p>\n\n\n\n<p><strong>Villada:<\/strong><br>26 de septiembre\/19hs<br>Biblioteca Moreno<\/p>\n\n\n\n<p>Apertura art\u00edstica<\/p>\n\n\n\n<p><strong>Disertantes:<\/strong> Martin Perisset (Carcara\u00f1a), Adriana Fraticcelli ( Cruz Alta), Dami\u00e1n \u00c1vila (San Jos\u00e9 de la Esquina).<br>Moderadora: Cecilia De Francesco( Chabas)<\/p>\n\n\n\n<p><strong>Arequito<\/strong><br>27 de septiembre\/19hs<\/p>\n\n\n\n<p>Apertura art\u00edstica<\/p>\n\n\n\n<p><strong>2aq<\/strong>Martin Perisset ( Carcara\u00f1a), Adriana Fraticcelli ( Cruz Alta), Dami\u00e1n Avila (San Jos\u00e9 de la Esquina) y H\u00e9ctor Dec\u00e1ndido ( Marcos Ju\u00e1rez)<br>Moderador: Claudio Pellegrini ( Villa Elo\u00edsa)<\/p>\n","protected":false},"excerpt":{"rendered":"<p>\u00abCaminos y el r\u00edo que nos unen\u00bb, ser\u00e1 el eje que se desarrollar\u00e1n del\u00a024 al 27 de [&hellip;]<\/p>\n","protected":false},"author":3,"featured_media":24058,"comment_status":"closed","ping_status":"closed","sticky":false,"template":"","format":"standard","meta":{"_jetpack_memberships_contains_paid_content":false,"footnotes":"","jetpack_publicize_message":"","jetpack_publicize_feature_enabled":true,"jetpack_social_post_already_shared":true,"jetpack_social_options":{"image_generator_settings":{"template":"highway","enabled":false}}},"categories":[1],"tags":[],"jetpack_publicize_connections":[],"jetpack_sharing_enabled":true,"jetpack_featured_media_url":"https:\/\/enteculturalsantafesino.com.ar\/usina1\/wp-content\/uploads\/2024\/09\/WhatsApp-Image-2024-09-22-at-23.15.50.jpeg","_links":{"self":[{"href":"https:\/\/enteculturalsantafesino.com.ar\/usina1\/wp-json\/wp\/v2\/posts\/24056"}],"collection":[{"href":"https:\/\/enteculturalsantafesino.com.ar\/usina1\/wp-json\/wp\/v2\/posts"}],"about":[{"href":"https:\/\/enteculturalsantafesino.com.ar\/usina1\/wp-json\/wp\/v2\/types\/post"}],"author":[{"embeddable":true,"href":"https:\/\/enteculturalsantafesino.com.ar\/usina1\/wp-json\/wp\/v2\/users\/3"}],"replies":[{"embeddable":true,"href":"https:\/\/enteculturalsantafesino.com.ar\/usina1\/wp-json\/wp\/v2\/comments?post=24056"}],"version-history":[{"count":1,"href":"https:\/\/enteculturalsantafesino.com.ar\/usina1\/wp-json\/wp\/v2\/posts\/24056\/revisions"}],"predecessor-version":[{"id":24057,"href":"https:\/\/enteculturalsantafesino.com.ar\/usina1\/wp-json\/wp\/v2\/posts\/24056\/revisions\/24057"}],"wp:featuredmedia":[{"embeddable":true,"href":"https:\/\/enteculturalsantafesino.com.ar\/usina1\/wp-json\/wp\/v2\/media\/24058"}],"wp:attachment":[{"href":"https:\/\/enteculturalsantafesino.com.ar\/usina1\/wp-json\/wp\/v2\/media?parent=24056"}],"wp:term":[{"taxonomy":"category","embeddable":true,"href":"https:\/\/enteculturalsantafesino.com.ar\/usina1\/wp-json\/wp\/v2\/categories?post=24056"},{"taxonomy":"post_tag","embeddable":true,"href":"https:\/\/enteculturalsantafesino.com.ar\/usina1\/wp-json\/wp\/v2\/tags?post=24056"}],"curies":[{"name":"wp","href":"https:\/\/api.w.org\/{rel}","templated":true}]}}